{"id":3387,"date":"2026-09-01T18:47:36","date_gmt":"2026-09-01T16:47:36","guid":{"rendered":"https:\/\/foodstory.es\/?p=3387"},"modified":"2026-09-01T18:47:41","modified_gmt":"2026-09-01T16:47:41","slug":"el-grupo-propietario-de-telepizza-recorta-un-45-sus-perdidas-hasta-los-4819me","status":"publish","type":"post","link":"https:\/\/foodstory.es\/en\/el-grupo-propietario-de-telepizza-recorta-un-45-sus-perdidas-hasta-los-4819me\/","title":{"rendered":"El grupo propietario \u00a0de Telepizza recorta un 45% sus p\u00e9rdidas hasta los 48,19Me"},"content":{"rendered":"<p class=\"wp-block-paragraph\"><\/p>\n\n\n\n<p class=\"wp-block-paragraph\">El grupo&nbsp;<strong>Food Delivery Brands, propietario de Telepizza<\/strong>, cerr\u00f3 el ejercicio de 2025 con unos n\u00fameros rojos de 48,19 millones de euros. Esto refleja que la cadena de restauraci\u00f3n&nbsp;<strong>ha reducido sus p\u00e9rdidas un 45%&nbsp;<\/strong>respecto a 2024, tras registrar una ca\u00edda en ventas del 1,3% hasta los 286 millones de euros.&nbsp;<\/p>\n\n\n\n<p class=\"wp-block-paragraph\">De acuerdo con el \u00faltimo informe de cuentas depositado en el Registro Mercantil,<strong>&nbsp;las ventas del grupo en Espa\u00f1a alcanzaron casi los 150 millones de euros<\/strong>&nbsp;manteni\u00e9ndose en l\u00ednea con la facturaci\u00f3n de 2024, mientras que en Latinoam\u00e9rica ingres\u00f3 87 millones y otros 49,3 en el resto de Europa.<\/p>\n\n\n\n<p class=\"wp-block-paragraph\">El<strong>&nbsp;resultado bruto de explotaci\u00f3n (Ebitda) reportado en ese ejercicio se situ\u00f3 en los 29,8 millones de euros<\/strong>, lo que supone un alza del 22,4% frente a los 24,3 millones registrados el a\u00f1o anterior. Mientras, el Ebitda ajustado, excluyendo costes no operativos y no recurrentes, fue de 32,1 millones, un 6,8% superior, gracias a la mejora de los negocios en Latinoam\u00e9rica, la aportaci\u00f3n de las tiendas propias en Iberia y a las medidas de optimizaci\u00f3n de costes de operaci\u00f3n y estructura en todos los mercados.<\/p>\n\n\n\n<p class=\"wp-block-paragraph\">Food Delivery Brands&nbsp;<strong>adquiri\u00f3 en 2025 un total de 16 tiendas operativas a franquiciados en Espa\u00f1a<\/strong>, nueve locales franquiciados en Portugal y una tienda en Colombia. As\u00ed, a 31 de diciembre de 2025, el grupo contaba con 365 establecimientos propios y 1.203 franquiciados, ubicados principalmente en Espa\u00f1a, Portugal, Chile, Colombia, Ecuador, M\u00e9xico e Irlanda.<\/p>\n\n\n\n<p class=\"wp-block-paragraph\">En cuanto al empleo,&nbsp;<strong>la multinacional cerr\u00f3 2025 con 5.388 empleados, un 23,5% menos<\/strong>, frente a los 7.045 empleados de 2024, debido principalmente por la salida del mercado chileno del per\u00edmetro de consolidaci\u00f3n, efectiva desde el 15 de enero de 2025, y, en menor medida, por variaciones org\u00e1nicas en los distintos mercados.<\/p>\n\n\n\n<p class=\"wp-block-paragraph\">Por otro lado, la cadena de restauraci\u00f3n ha recordado que durante 2025&nbsp;<strong>se firmaron ofertas no vinculantes para la compraventa de las operaciones del grupo en M\u00e9xico y Ecuador<\/strong>. As\u00ed, la compraventa de Ecuador se formaliz\u00f3 en febrero de este a\u00f1o con efecto retroactivos a 1 de enero de ese a\u00f1o, mientras que la transacci\u00f3n de M\u00e9xico no fue completada, pero el pasado 19 de febrero se acord\u00f3 con Pizza Hut International, LLC modificar la fecha para la opci\u00f3n de compra sobre el negocio mexicano al 30 de junio de 2027.<\/p>\n\n\n\n<p class=\"wp-block-paragraph\">El propietario de Telepizza formaliz\u00f3 el pasado 22 de diciembre un&nbsp;<strong>acuerdo de novaci\u00f3n del contrato de financiaci\u00f3n de deuda reestructurada de 2023<\/strong>. En virtud de dicho acuerdo, se llev\u00f3 a cabo una ampliaci\u00f3n de capital por compensaci\u00f3n de cr\u00e9ditos por importe de 39,05 millones de euro, as\u00ed como la conversi\u00f3n en pr\u00e9stamo participativo de un importe total de 117,1 millones de euros.<\/p>","protected":false},"excerpt":{"rendered":"<p>El grupo&nbsp;Food Delivery Brands, propietario de Telepizza, cerr\u00f3 el ejercicio de 2025 con unos n\u00fameros rojos de 48,19 millones de euros. Esto refleja que la cadena de restauraci\u00f3n&nbsp;ha reducido sus p\u00e9rdidas un 45%&nbsp;respecto a 2024, tras registrar una ca\u00edda en ventas del&#8230;<\/p>","protected":false},"author":1,"featured_media":3388,"comment_status":"closed","ping_status":"closed","sticky":false,"template":"","format":"standard","meta":{"_kad_blocks_custom_css":"","_kad_blocks_head_custom_js":"","_kad_blocks_body_custom_js":"","_kad_blocks_footer_custom_js":"","_kadence_starter_templates_imported_post":false,"_kad_post_transparent":"","_kad_post_title":"","_kad_post_layout":"","_kad_post_sidebar_id":"","_kad_post_content_style":"","_kad_post_vertical_padding":"","_kad_post_feature":"","_kad_post_feature_position":"","_kad_post_header":false,"_kad_post_footer":false,"_kad_post_classname":"","footnotes":""},"categories":[7],"tags":[],"class_list":["post-3387","post","type-post","status-publish","format-standard","has-post-thumbnail","hentry","category-restauracion-comercial"],"yoast_head":"<!-- This site is optimized with the Yoast SEO plugin v28.4 - https:\/\/yoast.com\/product\/yoast-seo-wordpress\/ -->\n<title>El grupo propietario \u00a0de Telepizza recorta un 45% sus p\u00e9rdidas hasta los 48,19Me - Food Story<\/title>\n<meta name=\"robots\" content=\"index, follow, max-snippet:-1, max-image-preview:large, max-video-preview:-1\" \/>\n<link rel=\"canonical\" href=\"https:\/\/foodstory.es\/en\/el-grupo-propietario-de-telepizza-recorta-un-45-sus-perdidas-hasta-los-4819me\/\" \/>\n<meta property=\"og:locale\" content=\"en_GB\" \/>\n<meta property=\"og:type\" content=\"article\" \/>\n<meta property=\"og:title\" content=\"El grupo propietario \u00a0de Telepizza recorta un 45% sus p\u00e9rdidas hasta los 48,19Me - Food Story\" \/>\n<meta property=\"og:description\" content=\"El grupo&nbsp;Food Delivery Brands, propietario de Telepizza, cerr\u00f3 el ejercicio de 2025 con unos n\u00fameros rojos de 48,19 millones de euros. Esto refleja que la cadena de restauraci\u00f3n&nbsp;ha reducido sus p\u00e9rdidas un 45%&nbsp;respecto a 2024, tras registrar una ca\u00edda en ventas del...\" \/>\n<meta property=\"og:url\" content=\"https:\/\/foodstory.es\/en\/el-grupo-propietario-de-telepizza-recorta-un-45-sus-perdidas-hasta-los-4819me\/\" \/>\n<meta property=\"og:site_name\" content=\"Food Story\" \/>\n<meta property=\"article:published_time\" content=\"2026-09-01T16:47:36+00:00\" \/>\n<meta property=\"article:modified_time\" content=\"2026-09-01T16:47:41+00:00\" \/>\n<meta property=\"og:image\" content=\"https:\/\/foodstory.es\/wp-content\/uploads\/2026\/09\/logo-color.png-food-deli.png\" \/>\n\t<meta property=\"og:image:width\" content=\"414\" \/>\n\t<meta property=\"og:image:height\" content=\"217\" \/>\n\t<meta property=\"og:image:type\" content=\"image\/png\" \/>\n<meta name=\"author\" content=\"eloi\" \/>\n<meta name=\"twitter:card\" content=\"summary_large_image\" \/>\n<meta name=\"twitter:label1\" content=\"Written by\" \/>\n\t<meta name=\"twitter:data1\" content=\"eloi\" \/>\n\t<meta name=\"twitter:label2\" content=\"Estimated reading time\" \/>\n\t<meta name=\"twitter:data2\" content=\"3 minutes\" \/>\n<script type=\"application\/ld+json\" class=\"yoast-schema-graph\">{\"@context\":\"https:\\\/\\\/schema.org\",\"@graph\":[{\"@type\":\"Article\",\"@id\":\"https:\\\/\\\/foodstory.es\\\/el-grupo-propietario-de-telepizza-recorta-un-45-sus-perdidas-hasta-los-4819me\\\/#article\",\"isPartOf\":{\"@id\":\"https:\\\/\\\/foodstory.es\\\/el-grupo-propietario-de-telepizza-recorta-un-45-sus-perdidas-hasta-los-4819me\\\/\"},\"author\":{\"name\":\"eloi\",\"@id\":\"https:\\\/\\\/foodstory.es\\\/#\\\/schema\\\/person\\\/9f90bee5e60ba1bf8d3f286132644e1e\"},\"headline\":\"El grupo propietario \u00a0de Telepizza recorta un 45% sus p\u00e9rdidas hasta los 48,19Me\",\"datePublished\":\"2026-09-01T16:47:36+00:00\",\"dateModified\":\"2026-09-01T16:47:41+00:00\",\"mainEntityOfPage\":{\"@id\":\"https:\\\/\\\/foodstory.es\\\/el-grupo-propietario-de-telepizza-recorta-un-45-sus-perdidas-hasta-los-4819me\\\/\"},\"wordCount\":468,\"publisher\":{\"@id\":\"https:\\\/\\\/foodstory.es\\\/#organization\"},\"image\":{\"@id\":\"https:\\\/\\\/foodstory.es\\\/el-grupo-propietario-de-telepizza-recorta-un-45-sus-perdidas-hasta-los-4819me\\\/#primaryimage\"},\"thumbnailUrl\":\"https:\\\/\\\/foodstory.es\\\/wp-content\\\/uploads\\\/2026\\\/09\\\/logo-color.png-food-deli.png\",\"articleSection\":[\"RESTAURACI\u00d3N COMERCIAL\"],\"inLanguage\":\"en-GB\"},{\"@type\":\"WebPage\",\"@id\":\"https:\\\/\\\/foodstory.es\\\/el-grupo-propietario-de-telepizza-recorta-un-45-sus-perdidas-hasta-los-4819me\\\/\",\"url\":\"https:\\\/\\\/foodstory.es\\\/el-grupo-propietario-de-telepizza-recorta-un-45-sus-perdidas-hasta-los-4819me\\\/\",\"name\":\"El grupo propietario \u00a0de Telepizza recorta un 45% sus p\u00e9rdidas hasta los 48,19Me - Food Story\",\"isPartOf\":{\"@id\":\"https:\\\/\\\/foodstory.es\\\/#website\"},\"primaryImageOfPage\":{\"@id\":\"https:\\\/\\\/foodstory.es\\\/el-grupo-propietario-de-telepizza-recorta-un-45-sus-perdidas-hasta-los-4819me\\\/#primaryimage\"},\"image\":{\"@id\":\"https:\\\/\\\/foodstory.es\\\/el-grupo-propietario-de-telepizza-recorta-un-45-sus-perdidas-hasta-los-4819me\\\/#primaryimage\"},\"thumbnailUrl\":\"https:\\\/\\\/foodstory.es\\\/wp-content\\\/uploads\\\/2026\\\/09\\\/logo-color.png-food-deli.png\",\"datePublished\":\"2026-09-01T16:47:36+00:00\",\"dateModified\":\"2026-09-01T16:47:41+00:00\",\"breadcrumb\":{\"@id\":\"https:\\\/\\\/foodstory.es\\\/el-grupo-propietario-de-telepizza-recorta-un-45-sus-perdidas-hasta-los-4819me\\\/#breadcrumb\"},\"inLanguage\":\"en-GB\",\"potentialAction\":[{\"@type\":\"ReadAction\",\"target\":[\"https:\\\/\\\/foodstory.es\\\/el-grupo-propietario-de-telepizza-recorta-un-45-sus-perdidas-hasta-los-4819me\\\/\"]}]},{\"@type\":\"ImageObject\",\"inLanguage\":\"en-GB\",\"@id\":\"https:\\\/\\\/foodstory.es\\\/el-grupo-propietario-de-telepizza-recorta-un-45-sus-perdidas-hasta-los-4819me\\\/#primaryimage\",\"url\":\"https:\\\/\\\/foodstory.es\\\/wp-content\\\/uploads\\\/2026\\\/09\\\/logo-color.png-food-deli.png\",\"contentUrl\":\"https:\\\/\\\/foodstory.es\\\/wp-content\\\/uploads\\\/2026\\\/09\\\/logo-color.png-food-deli.png\",\"width\":414,\"height\":217},{\"@type\":\"BreadcrumbList\",\"@id\":\"https:\\\/\\\/foodstory.es\\\/el-grupo-propietario-de-telepizza-recorta-un-45-sus-perdidas-hasta-los-4819me\\\/#breadcrumb\",\"itemListElement\":[{\"@type\":\"ListItem\",\"position\":1,\"name\":\"Portada\",\"item\":\"https:\\\/\\\/foodstory.es\\\/\"},{\"@type\":\"ListItem\",\"position\":2,\"name\":\"El grupo propietario \u00a0de Telepizza recorta un 45% sus p\u00e9rdidas hasta los 48,19Me\"}]},{\"@type\":\"WebSite\",\"@id\":\"https:\\\/\\\/foodstory.es\\\/#website\",\"url\":\"https:\\\/\\\/foodstory.es\\\/\",\"name\":\"Food Story\",\"description\":\"Visionando el futuro sin olvidar el pasado\",\"publisher\":{\"@id\":\"https:\\\/\\\/foodstory.es\\\/#organization\"},\"potentialAction\":[{\"@type\":\"SearchAction\",\"target\":{\"@type\":\"EntryPoint\",\"urlTemplate\":\"https:\\\/\\\/foodstory.es\\\/?s={search_term_string}\"},\"query-input\":{\"@type\":\"PropertyValueSpecification\",\"valueRequired\":true,\"valueName\":\"search_term_string\"}}],\"inLanguage\":\"en-GB\"},{\"@type\":\"Organization\",\"@id\":\"https:\\\/\\\/foodstory.es\\\/#organization\",\"name\":\"Food Story\",\"url\":\"https:\\\/\\\/foodstory.es\\\/\",\"logo\":{\"@type\":\"ImageObject\",\"inLanguage\":\"en-GB\",\"@id\":\"https:\\\/\\\/foodstory.es\\\/#\\\/schema\\\/logo\\\/image\\\/\",\"url\":\"https:\\\/\\\/foodstory.es\\\/wp-content\\\/uploads\\\/2024\\\/01\\\/LOGO-Food-Story.png\",\"contentUrl\":\"https:\\\/\\\/foodstory.es\\\/wp-content\\\/uploads\\\/2024\\\/01\\\/LOGO-Food-Story.png\",\"width\":800,\"height\":800,\"caption\":\"Food Story\"},\"image\":{\"@id\":\"https:\\\/\\\/foodstory.es\\\/#\\\/schema\\\/logo\\\/image\\\/\"}},{\"@type\":\"Person\",\"@id\":\"https:\\\/\\\/foodstory.es\\\/#\\\/schema\\\/person\\\/9f90bee5e60ba1bf8d3f286132644e1e\",\"name\":\"eloi\",\"sameAs\":[\"http:\\\/\\\/foodstory.es\"],\"url\":\"https:\\\/\\\/foodstory.es\\\/en\\\/author\\\/eloi\\\/\"}]}<\/script>\n<!-- \/ Yoast SEO plugin. -->","yoast_head_json":{"title":"El grupo propietario \u00a0de Telepizza recorta un 45% sus p\u00e9rdidas hasta los 48,19Me - Food Story","robots":{"index":"index","follow":"follow","max-snippet":"max-snippet:-1","max-image-preview":"max-image-preview:large","max-video-preview":"max-video-preview:-1"},"canonical":"https:\/\/foodstory.es\/en\/el-grupo-propietario-de-telepizza-recorta-un-45-sus-perdidas-hasta-los-4819me\/","og_locale":"en_GB","og_type":"article","og_title":"El grupo propietario \u00a0de Telepizza recorta un 45% sus p\u00e9rdidas hasta los 48,19Me - Food Story","og_description":"El grupo&nbsp;Food Delivery Brands, propietario de Telepizza, cerr\u00f3 el ejercicio de 2025 con unos n\u00fameros rojos de 48,19 millones de euros. Esto refleja que la cadena de restauraci\u00f3n&nbsp;ha reducido sus p\u00e9rdidas un 45%&nbsp;respecto a 2024, tras registrar una ca\u00edda en ventas del...","og_url":"https:\/\/foodstory.es\/en\/el-grupo-propietario-de-telepizza-recorta-un-45-sus-perdidas-hasta-los-4819me\/","og_site_name":"Food Story","article_published_time":"2026-09-01T16:47:36+00:00","article_modified_time":"2026-09-01T16:47:41+00:00","og_image":[{"width":414,"height":217,"url":"https:\/\/foodstory.es\/wp-content\/uploads\/2026\/09\/logo-color.png-food-deli.png","type":"image\/png"}],"author":"eloi","twitter_card":"summary_large_image","twitter_misc":{"Written by":"eloi","Estimated reading time":"3 minutes"},"schema":{"@context":"https:\/\/schema.org","@graph":[{"@type":"Article","@id":"https:\/\/foodstory.es\/el-grupo-propietario-de-telepizza-recorta-un-45-sus-perdidas-hasta-los-4819me\/#article","isPartOf":{"@id":"https:\/\/foodstory.es\/el-grupo-propietario-de-telepizza-recorta-un-45-sus-perdidas-hasta-los-4819me\/"},"author":{"name":"eloi","@id":"https:\/\/foodstory.es\/#\/schema\/person\/9f90bee5e60ba1bf8d3f286132644e1e"},"headline":"El grupo propietario \u00a0de Telepizza recorta un 45% sus p\u00e9rdidas hasta los 48,19Me","datePublished":"2026-09-01T16:47:36+00:00","dateModified":"2026-09-01T16:47:41+00:00","mainEntityOfPage":{"@id":"https:\/\/foodstory.es\/el-grupo-propietario-de-telepizza-recorta-un-45-sus-perdidas-hasta-los-4819me\/"},"wordCount":468,"publisher":{"@id":"https:\/\/foodstory.es\/#organization"},"image":{"@id":"https:\/\/foodstory.es\/el-grupo-propietario-de-telepizza-recorta-un-45-sus-perdidas-hasta-los-4819me\/#primaryimage"},"thumbnailUrl":"https:\/\/foodstory.es\/wp-content\/uploads\/2026\/09\/logo-color.png-food-deli.png","articleSection":["RESTAURACI\u00d3N COMERCIAL"],"inLanguage":"en-GB"},{"@type":"WebPage","@id":"https:\/\/foodstory.es\/el-grupo-propietario-de-telepizza-recorta-un-45-sus-perdidas-hasta-los-4819me\/","url":"https:\/\/foodstory.es\/el-grupo-propietario-de-telepizza-recorta-un-45-sus-perdidas-hasta-los-4819me\/","name":"El grupo propietario \u00a0de Telepizza recorta un 45% sus p\u00e9rdidas hasta los 48,19Me - Food Story","isPartOf":{"@id":"https:\/\/foodstory.es\/#website"},"primaryImageOfPage":{"@id":"https:\/\/foodstory.es\/el-grupo-propietario-de-telepizza-recorta-un-45-sus-perdidas-hasta-los-4819me\/#primaryimage"},"image":{"@id":"https:\/\/foodstory.es\/el-grupo-propietario-de-telepizza-recorta-un-45-sus-perdidas-hasta-los-4819me\/#primaryimage"},"thumbnailUrl":"https:\/\/foodstory.es\/wp-content\/uploads\/2026\/09\/logo-color.png-food-deli.png","datePublished":"2026-09-01T16:47:36+00:00","dateModified":"2026-09-01T16:47:41+00:00","breadcrumb":{"@id":"https:\/\/foodstory.es\/el-grupo-propietario-de-telepizza-recorta-un-45-sus-perdidas-hasta-los-4819me\/#breadcrumb"},"inLanguage":"en-GB","potentialAction":[{"@type":"ReadAction","target":["https:\/\/foodstory.es\/el-grupo-propietario-de-telepizza-recorta-un-45-sus-perdidas-hasta-los-4819me\/"]}]},{"@type":"ImageObject","inLanguage":"en-GB","@id":"https:\/\/foodstory.es\/el-grupo-propietario-de-telepizza-recorta-un-45-sus-perdidas-hasta-los-4819me\/#primaryimage","url":"https:\/\/foodstory.es\/wp-content\/uploads\/2026\/09\/logo-color.png-food-deli.png","contentUrl":"https:\/\/foodstory.es\/wp-content\/uploads\/2026\/09\/logo-color.png-food-deli.png","width":414,"height":217},{"@type":"BreadcrumbList","@id":"https:\/\/foodstory.es\/el-grupo-propietario-de-telepizza-recorta-un-45-sus-perdidas-hasta-los-4819me\/#breadcrumb","itemListElement":[{"@type":"ListItem","position":1,"name":"Portada","item":"https:\/\/foodstory.es\/"},{"@type":"ListItem","position":2,"name":"El grupo propietario \u00a0de Telepizza recorta un 45% sus p\u00e9rdidas hasta los 48,19Me"}]},{"@type":"WebSite","@id":"https:\/\/foodstory.es\/#website","url":"https:\/\/foodstory.es\/","name":"Food Story","description":"Envisioning the future without forgetting the past","publisher":{"@id":"https:\/\/foodstory.es\/#organization"},"potentialAction":[{"@type":"SearchAction","target":{"@type":"EntryPoint","urlTemplate":"https:\/\/foodstory.es\/?s={search_term_string}"},"query-input":{"@type":"PropertyValueSpecification","valueRequired":true,"valueName":"search_term_string"}}],"inLanguage":"en-GB"},{"@type":"Organization","@id":"https:\/\/foodstory.es\/#organization","name":"Food Story","url":"https:\/\/foodstory.es\/","logo":{"@type":"ImageObject","inLanguage":"en-GB","@id":"https:\/\/foodstory.es\/#\/schema\/logo\/image\/","url":"https:\/\/foodstory.es\/wp-content\/uploads\/2024\/01\/LOGO-Food-Story.png","contentUrl":"https:\/\/foodstory.es\/wp-content\/uploads\/2024\/01\/LOGO-Food-Story.png","width":800,"height":800,"caption":"Food Story"},"image":{"@id":"https:\/\/foodstory.es\/#\/schema\/logo\/image\/"}},{"@type":"Person","@id":"https:\/\/foodstory.es\/#\/schema\/person\/9f90bee5e60ba1bf8d3f286132644e1e","name":"eloi","sameAs":["http:\/\/foodstory.es"],"url":"https:\/\/foodstory.es\/en\/author\/eloi\/"}]}},"taxonomy_info":{"category":[{"value":7,"label":"RESTAURACI\u00d3N COMERCIAL"}]},"featured_image_src_large":["https:\/\/foodstory.es\/wp-content\/uploads\/2026\/09\/logo-color.png-food-deli.png",414,217,false],"author_info":{"display_name":"eloi","author_link":"https:\/\/foodstory.es\/en\/author\/eloi\/"},"comment_info":0,"category_info":[{"term_id":7,"name":"RESTAURACI\u00d3N COMERCIAL","slug":"restauracion-comercial","term_group":0,"term_taxonomy_id":7,"taxonomy":"category","description":"","parent":0,"count":145,"filter":"raw","term_order":"0","cat_ID":7,"category_count":145,"category_description":"","cat_name":"RESTAURACI\u00d3N COMERCIAL","category_nicename":"restauracion-comercial","category_parent":0}],"tag_info":false,"_links":{"self":[{"href":"https:\/\/foodstory.es\/en\/wp-json\/wp\/v2\/posts\/3387","targetHints":{"allow":["GET"]}}],"collection":[{"href":"https:\/\/foodstory.es\/en\/wp-json\/wp\/v2\/posts"}],"about":[{"href":"https:\/\/foodstory.es\/en\/wp-json\/wp\/v2\/types\/post"}],"author":[{"embeddable":true,"href":"https:\/\/foodstory.es\/en\/wp-json\/wp\/v2\/users\/1"}],"replies":[{"embeddable":true,"href":"https:\/\/foodstory.es\/en\/wp-json\/wp\/v2\/comments?post=3387"}],"version-history":[{"count":1,"href":"https:\/\/foodstory.es\/en\/wp-json\/wp\/v2\/posts\/3387\/revisions"}],"predecessor-version":[{"id":3389,"href":"https:\/\/foodstory.es\/en\/wp-json\/wp\/v2\/posts\/3387\/revisions\/3389"}],"wp:featuredmedia":[{"embeddable":true,"href":"https:\/\/foodstory.es\/en\/wp-json\/wp\/v2\/media\/3388"}],"wp:attachment":[{"href":"https:\/\/foodstory.es\/en\/wp-json\/wp\/v2\/media?parent=3387"}],"wp:term":[{"taxonomy":"category","embeddable":true,"href":"https:\/\/foodstory.es\/en\/wp-json\/wp\/v2\/categories?post=3387"},{"taxonomy":"post_tag","embeddable":true,"href":"https:\/\/foodstory.es\/en\/wp-json\/wp\/v2\/tags?post=3387"}],"curies":[{"name":"wp","href":"https:\/\/api.w.org\/{rel}","templated":true}]}}