{"id":3057,"date":"2026-03-08T12:30:21","date_gmt":"2026-03-08T11:30:21","guid":{"rendered":"https:\/\/foodstory.es\/?p=3057"},"modified":"2026-03-08T17:37:12","modified_gmt":"2026-03-08T16:37:12","slug":"la-cumbre-europea-de-la-restauracion-de-marca-elige-madrid-para-la-summit-2026","status":"publish","type":"post","link":"https:\/\/foodstory.es\/en\/la-cumbre-europea-de-la-restauracion-de-marca-elige-madrid-para-la-summit-2026\/","title":{"rendered":"La Cumbre europea de la Restauraci\u00f3n de Marca elige Madrid para la  Summit 2026"},"content":{"rendered":"<h1 class=\"wp-block-heading\"><\/h1>\n\n\n\n<p><a href=\"https:\/\/www.linkedin.com\/company\/efssummit\/\"><\/a><\/p>\n\n\n\n<figure class=\"wp-block-image is-resized\"><a class=\"ember-view\" href=\"https:\/\/www.linkedin.com\/company\/efssummit\/\"><img decoding=\"async\" src=\"https:\/\/media.licdn.com\/dms\/image\/v2\/D4E0BAQF-LIMML3J-YQ\/company-logo_100_100\/company-logo_100_100\/0\/1695030903769\/efssummit_logo?e=1774483200&amp;v=beta&amp;t=wG4Oq9hbOWk6chffn8WyFo2DBdVa6Uq8TXI1YTL2WRA\" alt=\"\" style=\"width:100px;height:auto\"\/><\/a><\/figure>\n\n\n\n<p><a href=\"https:\/\/www.linkedin.com\/company\/efssummit\/\"><\/a>Ejecutivos de <strong>dfv Mediengruppe <\/strong> celebr\u00f3 una reuni\u00f3n institucional con el <strong>Viceviceministro de Cultura, Turismo y Deporte <\/strong> de la CAM, para impulsar la consolidaci\u00f3n de la Summit 2026 en Madrid . La Cumbre est\u00e1 organizada por la revista especializada <a href=\"https:\/\/www.linkedin.com\/showcase\/42404550\/admin\/page-posts\/published\/?share=true#\"><strong>FOOD SERVICE <\/strong><\/a> y el especialista en eventos <a href=\"https:\/\/www.linkedin.com\/showcase\/42404550\/admin\/page-posts\/published\/?share=true#\"><strong>Grupo de Conferencia DFV<\/strong><\/a> \u2013 ambos parte del dfv y est\u00e1 considerado el principal congreso anual para l\u00edderes en restaurantes y servicios de restauraci\u00f3n en toda Europa.<\/p>\n\n\n\n<p id=\"ember52\">La reuni\u00f3n se centr\u00f3 en el desarrollo estrat\u00e9gico de la <strong>27\u00aa edici\u00f3n de la Cumbre Europea de Servicios de Alimentaci\u00f3n<\/strong>, que tendr\u00e1 lugar desde <strong>del 15 al 17 de septiembre de 2026 en Madrid<\/strong>, tras ediciones anteriores celebradas en <strong>Z\u00farich <\/strong>y <strong>\u00c1msterdam<\/strong>. El traslado a Madrid refuerza la posici\u00f3n de la ciudad como uno de los destinos m\u00e1s competitivos de Europa para reuniones, incentivos, conferencias y exposiciones (MICE).<\/p>\n\n\n\n<p id=\"ember53\">\u201c<strong>La Comunidad de Madrid se enorgullece de acoger una cumbre de tan alto valor estrat\u00e9gico para la hosteler\u00eda y la restauraci\u00f3n. <\/strong>La Cumbre Europea de Servicios de Alimentaci\u00f3n re\u00fane a l\u00edderes globales y refuerza la posici\u00f3n de Madrid como fuerza motriz para la innovaci\u00f3n, el talento y la colaboraci\u00f3n internacional en un sector esencial para nuestro crecimiento econ\u00f3mico\u00bb, afirm\u00f3 <a href=\"https:\/\/www.linkedin.com\/in\/luis-mart%C3%ADn-izquierdo-09692322\/\">Luis Mart\u00edn Izquierdo<\/a>  , Viceconsejero de Cultura, Turismo y Deporte de la Comunidad de Madrid.<\/p>\n\n\n\n<p id=\"ember55\">Reconocido como <strong>la conferencia de m\u00e1s alto nivel para los l\u00edderes de restaurantes europeos<\/strong>, el <a href=\"https:\/\/www.linkedin.com\/showcase\/efssummit\/\">Cumbre Europea de Servicios de Alimentaci\u00f3n<\/a> es una plataforma \u00fanica donde <strong>Las tendencias del sector se encuentran con su visi\u00f3n global<\/strong>. El evento re\u00fane a responsables de la toma de decisiones y expertos de toda Europa para explorar los principales retos y transformaciones en el sector de la restauraci\u00f3n organizada, conectar plurales  perspectivas y ampliar las redes profesionales internacionales. En 2025, el EFSS reuni\u00f3 en Amsterdamm a <strong>m\u00e1s de 250 participantes de alrededor de 25 pa\u00edses<\/strong>, con la participaci\u00f3n <strong>Oradores que representaron a m\u00e1s de 10 naciones<\/strong>.<\/p>\n\n\n\n<p id=\"ember56\">\u201c<strong>Bas\u00e1ndose en 24 a\u00f1os de \u00e9xito en Z\u00farich<\/strong>, la Cumbre Europea de Servicios de Alimentaci\u00f3n se traslada a las principales ciudades europeas para conectar a l\u00edderes del sector de todo el continente y crear nuevas oportunidades para <strong>colaboraci\u00f3n <\/strong>y <strong>compartir conocimiento.<\/strong> Siguiendo <strong>dos a\u00f1os exitosos en \u00c1msterdam,<\/strong> la Cumbre ahora <strong>se traslada a Madrid para involucrar a los mejores drivers no solo de la ciudad sino de toda Espa\u00f1a y dar al mercado espa\u00f1ol una voz destacada en el escenario europeo<\/strong> dijo <a href=\"https:\/\/www.linkedin.com\/in\/markus-gotta-34486b8\/\">Markus Gotta<\/a> , Director General, dfv Media Group.<\/p>\n\n\n\n<p id=\"ember58\"><strong>Madrid fue nuestra clara opci\u00f3n para la conferencia. <\/strong>La ciudad ofrece un ecosistema profesional robusto, infraestructuras modernas, excelente conectividad global y una hospitalidad y gastronom\u00eda excepcionales\u00bb, subray\u00f3 <a href=\"https:\/\/www.linkedin.com\/in\/thomasmeyer1985\/\">Thomas Meyer  <\/a>, Director de Negocios, DFV Media Group. \u00abEsto lo convierte en el <strong>escenario ideal para nuestro evento<\/strong>, proporcionando a los l\u00edderes europeos del sector foodservice excelentes oportunidades para <strong>Networking, aprendizaje y experiencia con lo mejor del mercado<\/strong>.\u201c<\/p>\n\n\n\n<p id=\"ember61\"> <strong>Acerca del grupo medi\u00e1tico dfv<\/strong><\/p>\n\n\n\n<p id=\"ember65\">El grupo de medios dfv  , con alrededor de 100 publicaciones especializadas, que abarcan 17 sectores econ\u00f3micos   tiene su sede en Frankfurt am Main, Alemania. A trav\u00e9s de sus filiales y empresas afiliadas, el grupo tambi\u00e9n est\u00e1 presente en otros diez pa\u00edses. En 2024, el grupo dfv media gener\u00f3 unas ventas de 133,1 millones de euros. <a href=\"http:\/\/www.dfv.de\/en\">www.dfv.de\/en<\/a><\/p>","protected":false},"excerpt":{"rendered":"<p>Ejecutivos de dfv Mediengruppe celebr\u00f3 una reuni\u00f3n institucional con el Viceviceministro de Cultura, Turismo y Deporte de la CAM, para impulsar la consolidaci\u00f3n de la Summit 2026 en Madrid . La Cumbre est\u00e1 organizada por la revista especializada FOOD SERVICE y el&#8230;<\/p>","protected":false},"author":1,"featured_media":3059,"comment_status":"closed","ping_status":"closed","sticky":false,"template":"","format":"standard","meta":{"_kad_blocks_custom_css":"","_kad_blocks_head_custom_js":"","_kad_blocks_body_custom_js":"","_kad_blocks_footer_custom_js":"","_kadence_starter_templates_imported_post":false,"_kad_post_transparent":"","_kad_post_title":"","_kad_post_layout":"","_kad_post_sidebar_id":"","_kad_post_content_style":"","_kad_post_vertical_padding":"","_kad_post_feature":"","_kad_post_feature_position":"","_kad_post_header":false,"_kad_post_footer":false,"_kad_post_classname":"","footnotes":""},"categories":[1,12,7],"tags":[],"class_list":["post-3057","post","type-post","status-publish","format-standard","has-post-thumbnail","hentry","category-actualidad","category-eventos","category-restauracion-comercial"],"yoast_head":"<!-- This site is optimized with the Yoast SEO plugin v27.4 - https:\/\/yoast.com\/product\/yoast-seo-wordpress\/ -->\n<title>La Cumbre europea de la Restauraci\u00f3n de Marca elige Madrid para la Summit 2026 - Food Story<\/title>\n<meta name=\"robots\" content=\"index, follow, max-snippet:-1, max-image-preview:large, max-video-preview:-1\" \/>\n<link rel=\"canonical\" href=\"https:\/\/foodstory.es\/en\/la-cumbre-europea-de-la-restauracion-de-marca-elige-madrid-para-la-summit-2026\/\" \/>\n<meta property=\"og:locale\" content=\"en_GB\" \/>\n<meta property=\"og:type\" content=\"article\" \/>\n<meta property=\"og:title\" content=\"La Cumbre europea de la Restauraci\u00f3n de Marca elige Madrid para la Summit 2026 - Food Story\" \/>\n<meta property=\"og:description\" content=\"Ejecutivos de dfv Mediengruppe celebr\u00f3 una reuni\u00f3n institucional con el Viceviceministro de Cultura, Turismo y Deporte de la CAM, para impulsar la consolidaci\u00f3n de la Summit 2026 en Madrid . La Cumbre est\u00e1 organizada por la revista especializada FOOD SERVICE y el...\" \/>\n<meta property=\"og:url\" content=\"https:\/\/foodstory.es\/en\/la-cumbre-europea-de-la-restauracion-de-marca-elige-madrid-para-la-summit-2026\/\" \/>\n<meta property=\"og:site_name\" content=\"Food Story\" \/>\n<meta property=\"article:published_time\" content=\"2026-03-08T11:30:21+00:00\" \/>\n<meta property=\"article:modified_time\" content=\"2026-03-08T16:37:12+00:00\" \/>\n<meta property=\"og:image\" content=\"https:\/\/foodstory.es\/wp-content\/uploads\/2026\/03\/efssummit_logo.jpeg\" \/>\n\t<meta property=\"og:image:width\" content=\"100\" \/>\n\t<meta property=\"og:image:height\" content=\"100\" \/>\n\t<meta property=\"og:image:type\" content=\"image\/jpeg\" \/>\n<meta name=\"author\" content=\"eloi\" \/>\n<meta name=\"twitter:card\" content=\"summary_large_image\" \/>\n<meta name=\"twitter:label1\" content=\"Written by\" \/>\n\t<meta name=\"twitter:data1\" content=\"eloi\" \/>\n\t<meta name=\"twitter:label2\" content=\"Estimated reading time\" \/>\n\t<meta name=\"twitter:data2\" content=\"3 minutes\" \/>\n<script type=\"application\/ld+json\" class=\"yoast-schema-graph\">{\"@context\":\"https:\\\/\\\/schema.org\",\"@graph\":[{\"@type\":\"Article\",\"@id\":\"https:\\\/\\\/foodstory.es\\\/la-cumbre-europea-de-la-restauracion-de-marca-elige-madrid-para-la-summit-2026\\\/#article\",\"isPartOf\":{\"@id\":\"https:\\\/\\\/foodstory.es\\\/la-cumbre-europea-de-la-restauracion-de-marca-elige-madrid-para-la-summit-2026\\\/\"},\"author\":{\"name\":\"eloi\",\"@id\":\"https:\\\/\\\/foodstory.es\\\/#\\\/schema\\\/person\\\/9f90bee5e60ba1bf8d3f286132644e1e\"},\"headline\":\"La Cumbre europea de la Restauraci\u00f3n de Marca elige Madrid para la Summit 2026\",\"datePublished\":\"2026-03-08T11:30:21+00:00\",\"dateModified\":\"2026-03-08T16:37:12+00:00\",\"mainEntityOfPage\":{\"@id\":\"https:\\\/\\\/foodstory.es\\\/la-cumbre-europea-de-la-restauracion-de-marca-elige-madrid-para-la-summit-2026\\\/\"},\"wordCount\":580,\"publisher\":{\"@id\":\"https:\\\/\\\/foodstory.es\\\/#organization\"},\"image\":{\"@id\":\"https:\\\/\\\/foodstory.es\\\/la-cumbre-europea-de-la-restauracion-de-marca-elige-madrid-para-la-summit-2026\\\/#primaryimage\"},\"thumbnailUrl\":\"https:\\\/\\\/foodstory.es\\\/wp-content\\\/uploads\\\/2026\\\/03\\\/efssummit_logo.jpeg\",\"articleSection\":[\"ACTUALIDAD\",\"EVENTOS\",\"RESTAURACI\u00d3N COMERCIAL\"],\"inLanguage\":\"en-GB\"},{\"@type\":\"WebPage\",\"@id\":\"https:\\\/\\\/foodstory.es\\\/la-cumbre-europea-de-la-restauracion-de-marca-elige-madrid-para-la-summit-2026\\\/\",\"url\":\"https:\\\/\\\/foodstory.es\\\/la-cumbre-europea-de-la-restauracion-de-marca-elige-madrid-para-la-summit-2026\\\/\",\"name\":\"La Cumbre europea de la Restauraci\u00f3n de Marca elige Madrid para la Summit 2026 - Food Story\",\"isPartOf\":{\"@id\":\"https:\\\/\\\/foodstory.es\\\/#website\"},\"primaryImageOfPage\":{\"@id\":\"https:\\\/\\\/foodstory.es\\\/la-cumbre-europea-de-la-restauracion-de-marca-elige-madrid-para-la-summit-2026\\\/#primaryimage\"},\"image\":{\"@id\":\"https:\\\/\\\/foodstory.es\\\/la-cumbre-europea-de-la-restauracion-de-marca-elige-madrid-para-la-summit-2026\\\/#primaryimage\"},\"thumbnailUrl\":\"https:\\\/\\\/foodstory.es\\\/wp-content\\\/uploads\\\/2026\\\/03\\\/efssummit_logo.jpeg\",\"datePublished\":\"2026-03-08T11:30:21+00:00\",\"dateModified\":\"2026-03-08T16:37:12+00:00\",\"breadcrumb\":{\"@id\":\"https:\\\/\\\/foodstory.es\\\/la-cumbre-europea-de-la-restauracion-de-marca-elige-madrid-para-la-summit-2026\\\/#breadcrumb\"},\"inLanguage\":\"en-GB\",\"potentialAction\":[{\"@type\":\"ReadAction\",\"target\":[\"https:\\\/\\\/foodstory.es\\\/la-cumbre-europea-de-la-restauracion-de-marca-elige-madrid-para-la-summit-2026\\\/\"]}]},{\"@type\":\"ImageObject\",\"inLanguage\":\"en-GB\",\"@id\":\"https:\\\/\\\/foodstory.es\\\/la-cumbre-europea-de-la-restauracion-de-marca-elige-madrid-para-la-summit-2026\\\/#primaryimage\",\"url\":\"https:\\\/\\\/foodstory.es\\\/wp-content\\\/uploads\\\/2026\\\/03\\\/efssummit_logo.jpeg\",\"contentUrl\":\"https:\\\/\\\/foodstory.es\\\/wp-content\\\/uploads\\\/2026\\\/03\\\/efssummit_logo.jpeg\",\"width\":100,\"height\":100},{\"@type\":\"BreadcrumbList\",\"@id\":\"https:\\\/\\\/foodstory.es\\\/la-cumbre-europea-de-la-restauracion-de-marca-elige-madrid-para-la-summit-2026\\\/#breadcrumb\",\"itemListElement\":[{\"@type\":\"ListItem\",\"position\":1,\"name\":\"Portada\",\"item\":\"https:\\\/\\\/foodstory.es\\\/\"},{\"@type\":\"ListItem\",\"position\":2,\"name\":\"La Cumbre europea de la Restauraci\u00f3n de Marca elige Madrid para la Summit 2026\"}]},{\"@type\":\"WebSite\",\"@id\":\"https:\\\/\\\/foodstory.es\\\/#website\",\"url\":\"https:\\\/\\\/foodstory.es\\\/\",\"name\":\"Food Story\",\"description\":\"Visionando el futuro sin olvidar el pasado\",\"publisher\":{\"@id\":\"https:\\\/\\\/foodstory.es\\\/#organization\"},\"potentialAction\":[{\"@type\":\"SearchAction\",\"target\":{\"@type\":\"EntryPoint\",\"urlTemplate\":\"https:\\\/\\\/foodstory.es\\\/?s={search_term_string}\"},\"query-input\":{\"@type\":\"PropertyValueSpecification\",\"valueRequired\":true,\"valueName\":\"search_term_string\"}}],\"inLanguage\":\"en-GB\"},{\"@type\":\"Organization\",\"@id\":\"https:\\\/\\\/foodstory.es\\\/#organization\",\"name\":\"Food Story\",\"url\":\"https:\\\/\\\/foodstory.es\\\/\",\"logo\":{\"@type\":\"ImageObject\",\"inLanguage\":\"en-GB\",\"@id\":\"https:\\\/\\\/foodstory.es\\\/#\\\/schema\\\/logo\\\/image\\\/\",\"url\":\"https:\\\/\\\/foodstory.es\\\/wp-content\\\/uploads\\\/2024\\\/01\\\/LOGO-Food-Story.png\",\"contentUrl\":\"https:\\\/\\\/foodstory.es\\\/wp-content\\\/uploads\\\/2024\\\/01\\\/LOGO-Food-Story.png\",\"width\":800,\"height\":800,\"caption\":\"Food Story\"},\"image\":{\"@id\":\"https:\\\/\\\/foodstory.es\\\/#\\\/schema\\\/logo\\\/image\\\/\"}},{\"@type\":\"Person\",\"@id\":\"https:\\\/\\\/foodstory.es\\\/#\\\/schema\\\/person\\\/9f90bee5e60ba1bf8d3f286132644e1e\",\"name\":\"eloi\",\"sameAs\":[\"http:\\\/\\\/foodstory.es\"],\"url\":\"https:\\\/\\\/foodstory.es\\\/en\\\/author\\\/eloi\\\/\"}]}<\/script>\n<!-- \/ Yoast SEO plugin. -->","yoast_head_json":{"title":"La Cumbre europea de la Restauraci\u00f3n de Marca elige Madrid para la Summit 2026 - Food Story","robots":{"index":"index","follow":"follow","max-snippet":"max-snippet:-1","max-image-preview":"max-image-preview:large","max-video-preview":"max-video-preview:-1"},"canonical":"https:\/\/foodstory.es\/en\/la-cumbre-europea-de-la-restauracion-de-marca-elige-madrid-para-la-summit-2026\/","og_locale":"en_GB","og_type":"article","og_title":"La Cumbre europea de la Restauraci\u00f3n de Marca elige Madrid para la Summit 2026 - Food Story","og_description":"Ejecutivos de dfv Mediengruppe celebr\u00f3 una reuni\u00f3n institucional con el Viceviceministro de Cultura, Turismo y Deporte de la CAM, para impulsar la consolidaci\u00f3n de la Summit 2026 en Madrid . La Cumbre est\u00e1 organizada por la revista especializada FOOD SERVICE y el...","og_url":"https:\/\/foodstory.es\/en\/la-cumbre-europea-de-la-restauracion-de-marca-elige-madrid-para-la-summit-2026\/","og_site_name":"Food Story","article_published_time":"2026-03-08T11:30:21+00:00","article_modified_time":"2026-03-08T16:37:12+00:00","og_image":[{"width":100,"height":100,"url":"https:\/\/foodstory.es\/wp-content\/uploads\/2026\/03\/efssummit_logo.jpeg","type":"image\/jpeg"}],"author":"eloi","twitter_card":"summary_large_image","twitter_misc":{"Written by":"eloi","Estimated reading time":"3 minutes"},"schema":{"@context":"https:\/\/schema.org","@graph":[{"@type":"Article","@id":"https:\/\/foodstory.es\/la-cumbre-europea-de-la-restauracion-de-marca-elige-madrid-para-la-summit-2026\/#article","isPartOf":{"@id":"https:\/\/foodstory.es\/la-cumbre-europea-de-la-restauracion-de-marca-elige-madrid-para-la-summit-2026\/"},"author":{"name":"eloi","@id":"https:\/\/foodstory.es\/#\/schema\/person\/9f90bee5e60ba1bf8d3f286132644e1e"},"headline":"La Cumbre europea de la Restauraci\u00f3n de Marca elige Madrid para la Summit 2026","datePublished":"2026-03-08T11:30:21+00:00","dateModified":"2026-03-08T16:37:12+00:00","mainEntityOfPage":{"@id":"https:\/\/foodstory.es\/la-cumbre-europea-de-la-restauracion-de-marca-elige-madrid-para-la-summit-2026\/"},"wordCount":580,"publisher":{"@id":"https:\/\/foodstory.es\/#organization"},"image":{"@id":"https:\/\/foodstory.es\/la-cumbre-europea-de-la-restauracion-de-marca-elige-madrid-para-la-summit-2026\/#primaryimage"},"thumbnailUrl":"https:\/\/foodstory.es\/wp-content\/uploads\/2026\/03\/efssummit_logo.jpeg","articleSection":["ACTUALIDAD","EVENTOS","RESTAURACI\u00d3N COMERCIAL"],"inLanguage":"en-GB"},{"@type":"WebPage","@id":"https:\/\/foodstory.es\/la-cumbre-europea-de-la-restauracion-de-marca-elige-madrid-para-la-summit-2026\/","url":"https:\/\/foodstory.es\/la-cumbre-europea-de-la-restauracion-de-marca-elige-madrid-para-la-summit-2026\/","name":"La Cumbre europea de la Restauraci\u00f3n de Marca elige Madrid para la Summit 2026 - Food Story","isPartOf":{"@id":"https:\/\/foodstory.es\/#website"},"primaryImageOfPage":{"@id":"https:\/\/foodstory.es\/la-cumbre-europea-de-la-restauracion-de-marca-elige-madrid-para-la-summit-2026\/#primaryimage"},"image":{"@id":"https:\/\/foodstory.es\/la-cumbre-europea-de-la-restauracion-de-marca-elige-madrid-para-la-summit-2026\/#primaryimage"},"thumbnailUrl":"https:\/\/foodstory.es\/wp-content\/uploads\/2026\/03\/efssummit_logo.jpeg","datePublished":"2026-03-08T11:30:21+00:00","dateModified":"2026-03-08T16:37:12+00:00","breadcrumb":{"@id":"https:\/\/foodstory.es\/la-cumbre-europea-de-la-restauracion-de-marca-elige-madrid-para-la-summit-2026\/#breadcrumb"},"inLanguage":"en-GB","potentialAction":[{"@type":"ReadAction","target":["https:\/\/foodstory.es\/la-cumbre-europea-de-la-restauracion-de-marca-elige-madrid-para-la-summit-2026\/"]}]},{"@type":"ImageObject","inLanguage":"en-GB","@id":"https:\/\/foodstory.es\/la-cumbre-europea-de-la-restauracion-de-marca-elige-madrid-para-la-summit-2026\/#primaryimage","url":"https:\/\/foodstory.es\/wp-content\/uploads\/2026\/03\/efssummit_logo.jpeg","contentUrl":"https:\/\/foodstory.es\/wp-content\/uploads\/2026\/03\/efssummit_logo.jpeg","width":100,"height":100},{"@type":"BreadcrumbList","@id":"https:\/\/foodstory.es\/la-cumbre-europea-de-la-restauracion-de-marca-elige-madrid-para-la-summit-2026\/#breadcrumb","itemListElement":[{"@type":"ListItem","position":1,"name":"Portada","item":"https:\/\/foodstory.es\/"},{"@type":"ListItem","position":2,"name":"La Cumbre europea de la Restauraci\u00f3n de Marca elige Madrid para la Summit 2026"}]},{"@type":"WebSite","@id":"https:\/\/foodstory.es\/#website","url":"https:\/\/foodstory.es\/","name":"Food Story","description":"Envisioning the future without forgetting the past","publisher":{"@id":"https:\/\/foodstory.es\/#organization"},"potentialAction":[{"@type":"SearchAction","target":{"@type":"EntryPoint","urlTemplate":"https:\/\/foodstory.es\/?s={search_term_string}"},"query-input":{"@type":"PropertyValueSpecification","valueRequired":true,"valueName":"search_term_string"}}],"inLanguage":"en-GB"},{"@type":"Organization","@id":"https:\/\/foodstory.es\/#organization","name":"Food Story","url":"https:\/\/foodstory.es\/","logo":{"@type":"ImageObject","inLanguage":"en-GB","@id":"https:\/\/foodstory.es\/#\/schema\/logo\/image\/","url":"https:\/\/foodstory.es\/wp-content\/uploads\/2024\/01\/LOGO-Food-Story.png","contentUrl":"https:\/\/foodstory.es\/wp-content\/uploads\/2024\/01\/LOGO-Food-Story.png","width":800,"height":800,"caption":"Food Story"},"image":{"@id":"https:\/\/foodstory.es\/#\/schema\/logo\/image\/"}},{"@type":"Person","@id":"https:\/\/foodstory.es\/#\/schema\/person\/9f90bee5e60ba1bf8d3f286132644e1e","name":"eloi","sameAs":["http:\/\/foodstory.es"],"url":"https:\/\/foodstory.es\/en\/author\/eloi\/"}]}},"taxonomy_info":{"category":[{"value":1,"label":"ACTUALIDAD"},{"value":12,"label":"EVENTOS"},{"value":7,"label":"RESTAURACI\u00d3N COMERCIAL"}]},"featured_image_src_large":["https:\/\/foodstory.es\/wp-content\/uploads\/2026\/03\/efssummit_logo.jpeg",100,100,false],"author_info":{"display_name":"eloi","author_link":"https:\/\/foodstory.es\/en\/author\/eloi\/"},"comment_info":0,"category_info":[{"term_id":1,"name":"ACTUALIDAD","slug":"actualidad","term_group":0,"term_taxonomy_id":1,"taxonomy":"category","description":"","parent":0,"count":122,"filter":"raw","term_order":"0","cat_ID":1,"category_count":122,"category_description":"","cat_name":"ACTUALIDAD","category_nicename":"actualidad","category_parent":0},{"term_id":12,"name":"EVENTOS","slug":"eventos","term_group":0,"term_taxonomy_id":12,"taxonomy":"category","description":"","parent":0,"count":27,"filter":"raw","term_order":"0","cat_ID":12,"category_count":27,"category_description":"","cat_name":"EVENTOS","category_nicename":"eventos","category_parent":0},{"term_id":7,"name":"RESTAURACI\u00d3N COMERCIAL","slug":"restauracion-comercial","term_group":0,"term_taxonomy_id":7,"taxonomy":"category","description":"","parent":0,"count":121,"filter":"raw","term_order":"0","cat_ID":7,"category_count":121,"category_description":"","cat_name":"RESTAURACI\u00d3N COMERCIAL","category_nicename":"restauracion-comercial","category_parent":0}],"tag_info":false,"_links":{"self":[{"href":"https:\/\/foodstory.es\/en\/wp-json\/wp\/v2\/posts\/3057","targetHints":{"allow":["GET"]}}],"collection":[{"href":"https:\/\/foodstory.es\/en\/wp-json\/wp\/v2\/posts"}],"about":[{"href":"https:\/\/foodstory.es\/en\/wp-json\/wp\/v2\/types\/post"}],"author":[{"embeddable":true,"href":"https:\/\/foodstory.es\/en\/wp-json\/wp\/v2\/users\/1"}],"replies":[{"embeddable":true,"href":"https:\/\/foodstory.es\/en\/wp-json\/wp\/v2\/comments?post=3057"}],"version-history":[{"count":2,"href":"https:\/\/foodstory.es\/en\/wp-json\/wp\/v2\/posts\/3057\/revisions"}],"predecessor-version":[{"id":3062,"href":"https:\/\/foodstory.es\/en\/wp-json\/wp\/v2\/posts\/3057\/revisions\/3062"}],"wp:featuredmedia":[{"embeddable":true,"href":"https:\/\/foodstory.es\/en\/wp-json\/wp\/v2\/media\/3059"}],"wp:attachment":[{"href":"https:\/\/foodstory.es\/en\/wp-json\/wp\/v2\/media?parent=3057"}],"wp:term":[{"taxonomy":"category","embeddable":true,"href":"https:\/\/foodstory.es\/en\/wp-json\/wp\/v2\/categories?post=3057"},{"taxonomy":"post_tag","embeddable":true,"href":"https:\/\/foodstory.es\/en\/wp-json\/wp\/v2\/tags?post=3057"}],"curies":[{"name":"wp","href":"https:\/\/api.w.org\/{rel}","templated":true}]}}