{"id":3053,"date":"2026-03-08T12:11:20","date_gmt":"2026-03-08T11:11:20","guid":{"rendered":"https:\/\/foodstory.es\/?p=3053"},"modified":"2026-03-08T12:11:25","modified_gmt":"2026-03-08T11:11:25","slug":"la-norte-americana-kdp-compra-jde-peets-lider-mundial-en-cafe","status":"publish","type":"post","link":"https:\/\/foodstory.es\/en\/la-norte-americana-kdp-compra-jde-peets-lider-mundial-en-cafe\/","title":{"rendered":"La norte-americana KDP compra JDE Peet\u00b4s, l\u00edder mundial en caf\u00e9"},"content":{"rendered":"<p><\/p>\n\n\n\n<p>En agosto de 2025, Keurig Dr Pepper (KDP) anunci\u00f3 que iba a &nbsp;adquirir el grupo holand\u00e9s de caf\u00e9 y t\u00e9 JDE Peet&#8217;s por &nbsp;18.200 millones de d\u00f3lares, la mayor adquisici\u00f3n de caf\u00e9 jam\u00e1s realizada.<\/p>\n\n\n\n<p>Tras anunciar el acuerdo, el CEO de KDP, Tim Cofer, destac\u00f3 la fortaleza operativa y financiera del grupo como factores clave detr\u00e1s de la medida. KDP registr\u00f3 unos ingresos netos de 15.400 millones de d\u00f3lares en 2024 \u2014un aumento del 3,6% respecto al a\u00f1o anterior\u2014 y las ventas durante la primera mitad de 2025 aumentaron de media un 5,5%.<\/p>\n\n\n\n<p>Pero para la divisi\u00f3n de cafe las cifras no corr\u00edan parejas.Las ventas totales del segmento de caf\u00e9 en EE. UU. cayeron un 5,4% en 2023 y un 2,6% adicional en 2024, con la divisi\u00f3n de bebidas estadounidenses m\u00e1s rentable de KDP compensando las ca\u00eddas.<\/p>\n\n\n\n<p>Pero, desde que anunci\u00f3 el acuerdo con JDE Peet&#8217;s, el negocio del caf\u00e9 de KDP ha empezado a dar un giro. Un renovado enfoque en colaboraciones de marcas de caf\u00e9 de mayor perfil y precios ha hecho que los aumentos de precios sean m\u00e1s digeribles para los consumidores, que parecen dispuestos a pagar m\u00e1s por marcas premium.<\/p>\n\n\n\n<p>Tras un aumento de ventas del 1,5% en el tercer trimestre, el segmento de caf\u00e9 de KDP registr\u00f3 un crecimiento interanual del 3,9% en los ingresos interanuales en el cuarto trimestre finalizado el 31 de diciembre de 2025, alcanzando 1.200 millones de d\u00f3lares. Un s\u00f3lido rendimiento en la segunda mitad del a\u00f1o, impulsado por un aumento medio del 4,8% en los precios, permiti\u00f3 que el segmento volviera a crecer las ventas netas a nivel anual completo en 2025 con unos ingresos de 4.000 millones de d\u00f3lares, un aumento interanual del 0,6%.<\/p>\n\n\n\n<p>\u00abAunque el crecimiento de la categor\u00eda sigue estando dominado por los precios, las elasticidades han sido manejables y los consumidores siguen comprometidos, ambos aspectos que auguran bien para los vol\u00famenes una vez que las presiones de costes se normalizen\u00bb, dijo el CEO de KDP, Tim Cofer, en una conferencia de resultados.<\/p>\n\n\n\n<p>Una vez que se complete el acuerdo de 18.200 millones de d\u00f3lares en abril de 2026, KDP se dividir\u00e1 en dos empresas independientes de bebidas que cotizan en Estados Unidos, Global Coffee Co. y Beverage Co., revirtiendo efectivamente la fusi\u00f3n de 2018 entre Dr Pepper Snapple y Keurig Green Mountain.<\/p>\n\n\n\n<p>El negocio Global Coffee Co., que tendr\u00e1 su sede en Massachusetts, EE. UU., gestionar\u00e1 la cartera de KDP de 125 gamas de c\u00e1psulas de caf\u00e9 propietarias y licenciadas y las marcas de caf\u00e9 envasado de JDE Peet, que incluyen Jacobs, Douwe Egberts, L&#8217;Or y Peet&#8217;s Coffee.<\/p>\n\n\n\n<p>Ambas empresas, ambas respaldadas por el conglomerado empresarial con sede en Luxemburgo JAB Holding Company, han combinado ventas netas de casi 16.000 millones de d\u00f3lares y operan colectivamente una red global de producci\u00f3n y cadena de suministro de m\u00e1s de 40 instalaciones.<\/p>\n\n\n\n<p>Al igual que KDP, los aumentos de precios tambi\u00e9n jugaron un papel importante en el crecimiento interanual del 12,3% de ingresos de JDE Peet el a\u00f1o pasado. El grupo, que registr\u00f3 ingresos anuales de 9.900 millones de euros (11.700 millones de d\u00f3lares), aument\u00f3 los precios en un promedio del 19,5%, lo que provoc\u00f3 una ligera ca\u00edda en el volumen de pedidos y disputas p\u00fablicas con varios distribuidores minoristas.<\/p>\n\n\n\n<p>En su intervenci\u00f3n en el Capital Markets Day de julio de 2025, el director de marketing de JDE Peet, Ricard Barri Valentines, afirm\u00f3 que la cartera del grupo se hab\u00eda vuelto &#8216;innecesariamente compleja&#8217;, con la mitad de sus 67 marcas aportando menos del 5% del beneficio bruto del grupo. Por el contrario, sus 12 marcas con mejor rendimiento contribuyen aproximadamente al 80%.<\/p>\n\n\n\n<p>El CEO de JDE Peet, Rafa Oliveira, dijo que la inversi\u00f3n en Peet&#8217;s Coffee y L&#8217;Or se bas\u00f3 en su relevancia actual para el mercado y su capacidad para satisfacer las nuevas necesidades de los consumidores. El grupo de caf\u00e9 y t\u00e9 tambi\u00e9n est\u00e1 afinando su enfoque en su marca Jacobs para equilibrar precios tanto premium como asequibles.<\/p>\n\n\n\n<p>Cuando KDP y JDE Peet&#8217;s se fusionen, el nuevo negocio contar\u00e1 con un vasto portafolio de marcas de caf\u00e9 de alto perfil capaces de alcanzar todos los m\u00faltiples segmentos de consumidores dentro del mercado global de caf\u00e9 dom\u00e9stico.<\/p>","protected":false},"excerpt":{"rendered":"<p>En agosto de 2025, Keurig Dr Pepper (KDP) anunci\u00f3 que iba a &nbsp;adquirir el grupo holand\u00e9s de caf\u00e9 y t\u00e9 JDE Peet&#8217;s por &nbsp;18.200 millones de d\u00f3lares, la mayor adquisici\u00f3n de caf\u00e9 jam\u00e1s realizada. Tras anunciar el acuerdo, el CEO de KDP,&#8230;<\/p>","protected":false},"author":1,"featured_media":3054,"comment_status":"closed","ping_status":"closed","sticky":false,"template":"","format":"standard","meta":{"_kad_blocks_custom_css":"","_kad_blocks_head_custom_js":"","_kad_blocks_body_custom_js":"","_kad_blocks_footer_custom_js":"","_kadence_starter_templates_imported_post":false,"_kad_post_transparent":"","_kad_post_title":"","_kad_post_layout":"","_kad_post_sidebar_id":"","_kad_post_content_style":"","_kad_post_vertical_padding":"","_kad_post_feature":"","_kad_post_feature_position":"","_kad_post_header":false,"_kad_post_footer":false,"_kad_post_classname":"","footnotes":""},"categories":[1,9],"tags":[],"class_list":["post-3053","post","type-post","status-publish","format-standard","has-post-thumbnail","hentry","category-actualidad","category-supply-chain"],"yoast_head":"<!-- This site is optimized with the Yoast SEO plugin v27.4 - https:\/\/yoast.com\/product\/yoast-seo-wordpress\/ -->\n<title>La norte-americana KDP compra JDE Peet\u00b4s, l\u00edder mundial en caf\u00e9 - Food Story<\/title>\n<meta name=\"robots\" content=\"index, follow, max-snippet:-1, max-image-preview:large, max-video-preview:-1\" \/>\n<link rel=\"canonical\" href=\"https:\/\/foodstory.es\/en\/la-norte-americana-kdp-compra-jde-peets-lider-mundial-en-cafe\/\" \/>\n<meta property=\"og:locale\" content=\"en_GB\" \/>\n<meta property=\"og:type\" content=\"article\" \/>\n<meta property=\"og:title\" content=\"La norte-americana KDP compra JDE Peet\u00b4s, l\u00edder mundial en caf\u00e9 - Food Story\" \/>\n<meta property=\"og:description\" content=\"En agosto de 2025, Keurig Dr Pepper (KDP) anunci\u00f3 que iba a &nbsp;adquirir el grupo holand\u00e9s de caf\u00e9 y t\u00e9 JDE Peet&#8217;s por &nbsp;18.200 millones de d\u00f3lares, la mayor adquisici\u00f3n de caf\u00e9 jam\u00e1s realizada. Tras anunciar el acuerdo, el CEO de KDP,...\" \/>\n<meta property=\"og:url\" content=\"https:\/\/foodstory.es\/en\/la-norte-americana-kdp-compra-jde-peets-lider-mundial-en-cafe\/\" \/>\n<meta property=\"og:site_name\" content=\"Food Story\" \/>\n<meta property=\"article:published_time\" content=\"2026-03-08T11:11:20+00:00\" \/>\n<meta property=\"article:modified_time\" content=\"2026-03-08T11:11:25+00:00\" \/>\n<meta property=\"og:image\" content=\"https:\/\/foodstory.es\/wp-content\/uploads\/2026\/03\/cafe-lor-.png\" \/>\n\t<meta property=\"og:image:width\" content=\"312\" \/>\n\t<meta property=\"og:image:height\" content=\"223\" \/>\n\t<meta property=\"og:image:type\" content=\"image\/png\" \/>\n<meta name=\"author\" content=\"eloi\" \/>\n<meta name=\"twitter:card\" content=\"summary_large_image\" \/>\n<meta name=\"twitter:label1\" content=\"Written by\" \/>\n\t<meta name=\"twitter:data1\" content=\"eloi\" \/>\n\t<meta name=\"twitter:label2\" content=\"Estimated reading time\" \/>\n\t<meta name=\"twitter:data2\" content=\"4 minutes\" \/>\n<script type=\"application\/ld+json\" class=\"yoast-schema-graph\">{\"@context\":\"https:\\\/\\\/schema.org\",\"@graph\":[{\"@type\":\"Article\",\"@id\":\"https:\\\/\\\/foodstory.es\\\/la-norte-americana-kdp-compra-jde-peets-lider-mundial-en-cafe\\\/#article\",\"isPartOf\":{\"@id\":\"https:\\\/\\\/foodstory.es\\\/la-norte-americana-kdp-compra-jde-peets-lider-mundial-en-cafe\\\/\"},\"author\":{\"name\":\"eloi\",\"@id\":\"https:\\\/\\\/foodstory.es\\\/#\\\/schema\\\/person\\\/9f90bee5e60ba1bf8d3f286132644e1e\"},\"headline\":\"La norte-americana KDP compra JDE Peet\u00b4s, l\u00edder mundial en caf\u00e9\",\"datePublished\":\"2026-03-08T11:11:20+00:00\",\"dateModified\":\"2026-03-08T11:11:25+00:00\",\"mainEntityOfPage\":{\"@id\":\"https:\\\/\\\/foodstory.es\\\/la-norte-americana-kdp-compra-jde-peets-lider-mundial-en-cafe\\\/\"},\"wordCount\":724,\"publisher\":{\"@id\":\"https:\\\/\\\/foodstory.es\\\/#organization\"},\"image\":{\"@id\":\"https:\\\/\\\/foodstory.es\\\/la-norte-americana-kdp-compra-jde-peets-lider-mundial-en-cafe\\\/#primaryimage\"},\"thumbnailUrl\":\"https:\\\/\\\/foodstory.es\\\/wp-content\\\/uploads\\\/2026\\\/03\\\/cafe-lor-.png\",\"articleSection\":[\"ACTUALIDAD\",\"SUPPLY CHAIN\"],\"inLanguage\":\"en-GB\"},{\"@type\":\"WebPage\",\"@id\":\"https:\\\/\\\/foodstory.es\\\/la-norte-americana-kdp-compra-jde-peets-lider-mundial-en-cafe\\\/\",\"url\":\"https:\\\/\\\/foodstory.es\\\/la-norte-americana-kdp-compra-jde-peets-lider-mundial-en-cafe\\\/\",\"name\":\"La norte-americana KDP compra JDE Peet\u00b4s, l\u00edder mundial en caf\u00e9 - Food Story\",\"isPartOf\":{\"@id\":\"https:\\\/\\\/foodstory.es\\\/#website\"},\"primaryImageOfPage\":{\"@id\":\"https:\\\/\\\/foodstory.es\\\/la-norte-americana-kdp-compra-jde-peets-lider-mundial-en-cafe\\\/#primaryimage\"},\"image\":{\"@id\":\"https:\\\/\\\/foodstory.es\\\/la-norte-americana-kdp-compra-jde-peets-lider-mundial-en-cafe\\\/#primaryimage\"},\"thumbnailUrl\":\"https:\\\/\\\/foodstory.es\\\/wp-content\\\/uploads\\\/2026\\\/03\\\/cafe-lor-.png\",\"datePublished\":\"2026-03-08T11:11:20+00:00\",\"dateModified\":\"2026-03-08T11:11:25+00:00\",\"breadcrumb\":{\"@id\":\"https:\\\/\\\/foodstory.es\\\/la-norte-americana-kdp-compra-jde-peets-lider-mundial-en-cafe\\\/#breadcrumb\"},\"inLanguage\":\"en-GB\",\"potentialAction\":[{\"@type\":\"ReadAction\",\"target\":[\"https:\\\/\\\/foodstory.es\\\/la-norte-americana-kdp-compra-jde-peets-lider-mundial-en-cafe\\\/\"]}]},{\"@type\":\"ImageObject\",\"inLanguage\":\"en-GB\",\"@id\":\"https:\\\/\\\/foodstory.es\\\/la-norte-americana-kdp-compra-jde-peets-lider-mundial-en-cafe\\\/#primaryimage\",\"url\":\"https:\\\/\\\/foodstory.es\\\/wp-content\\\/uploads\\\/2026\\\/03\\\/cafe-lor-.png\",\"contentUrl\":\"https:\\\/\\\/foodstory.es\\\/wp-content\\\/uploads\\\/2026\\\/03\\\/cafe-lor-.png\",\"width\":312,\"height\":223},{\"@type\":\"BreadcrumbList\",\"@id\":\"https:\\\/\\\/foodstory.es\\\/la-norte-americana-kdp-compra-jde-peets-lider-mundial-en-cafe\\\/#breadcrumb\",\"itemListElement\":[{\"@type\":\"ListItem\",\"position\":1,\"name\":\"Portada\",\"item\":\"https:\\\/\\\/foodstory.es\\\/\"},{\"@type\":\"ListItem\",\"position\":2,\"name\":\"La norte-americana KDP compra JDE Peet\u00b4s, l\u00edder mundial en caf\u00e9\"}]},{\"@type\":\"WebSite\",\"@id\":\"https:\\\/\\\/foodstory.es\\\/#website\",\"url\":\"https:\\\/\\\/foodstory.es\\\/\",\"name\":\"Food Story\",\"description\":\"Visionando el futuro sin olvidar el pasado\",\"publisher\":{\"@id\":\"https:\\\/\\\/foodstory.es\\\/#organization\"},\"potentialAction\":[{\"@type\":\"SearchAction\",\"target\":{\"@type\":\"EntryPoint\",\"urlTemplate\":\"https:\\\/\\\/foodstory.es\\\/?s={search_term_string}\"},\"query-input\":{\"@type\":\"PropertyValueSpecification\",\"valueRequired\":true,\"valueName\":\"search_term_string\"}}],\"inLanguage\":\"en-GB\"},{\"@type\":\"Organization\",\"@id\":\"https:\\\/\\\/foodstory.es\\\/#organization\",\"name\":\"Food Story\",\"url\":\"https:\\\/\\\/foodstory.es\\\/\",\"logo\":{\"@type\":\"ImageObject\",\"inLanguage\":\"en-GB\",\"@id\":\"https:\\\/\\\/foodstory.es\\\/#\\\/schema\\\/logo\\\/image\\\/\",\"url\":\"https:\\\/\\\/foodstory.es\\\/wp-content\\\/uploads\\\/2024\\\/01\\\/LOGO-Food-Story.png\",\"contentUrl\":\"https:\\\/\\\/foodstory.es\\\/wp-content\\\/uploads\\\/2024\\\/01\\\/LOGO-Food-Story.png\",\"width\":800,\"height\":800,\"caption\":\"Food Story\"},\"image\":{\"@id\":\"https:\\\/\\\/foodstory.es\\\/#\\\/schema\\\/logo\\\/image\\\/\"}},{\"@type\":\"Person\",\"@id\":\"https:\\\/\\\/foodstory.es\\\/#\\\/schema\\\/person\\\/9f90bee5e60ba1bf8d3f286132644e1e\",\"name\":\"eloi\",\"sameAs\":[\"http:\\\/\\\/foodstory.es\"],\"url\":\"https:\\\/\\\/foodstory.es\\\/en\\\/author\\\/eloi\\\/\"}]}<\/script>\n<!-- \/ Yoast SEO plugin. -->","yoast_head_json":{"title":"La norte-americana KDP compra JDE Peet\u00b4s, l\u00edder mundial en caf\u00e9 - Food Story","robots":{"index":"index","follow":"follow","max-snippet":"max-snippet:-1","max-image-preview":"max-image-preview:large","max-video-preview":"max-video-preview:-1"},"canonical":"https:\/\/foodstory.es\/en\/la-norte-americana-kdp-compra-jde-peets-lider-mundial-en-cafe\/","og_locale":"en_GB","og_type":"article","og_title":"La norte-americana KDP compra JDE Peet\u00b4s, l\u00edder mundial en caf\u00e9 - Food Story","og_description":"En agosto de 2025, Keurig Dr Pepper (KDP) anunci\u00f3 que iba a &nbsp;adquirir el grupo holand\u00e9s de caf\u00e9 y t\u00e9 JDE Peet&#8217;s por &nbsp;18.200 millones de d\u00f3lares, la mayor adquisici\u00f3n de caf\u00e9 jam\u00e1s realizada. Tras anunciar el acuerdo, el CEO de KDP,...","og_url":"https:\/\/foodstory.es\/en\/la-norte-americana-kdp-compra-jde-peets-lider-mundial-en-cafe\/","og_site_name":"Food Story","article_published_time":"2026-03-08T11:11:20+00:00","article_modified_time":"2026-03-08T11:11:25+00:00","og_image":[{"width":312,"height":223,"url":"https:\/\/foodstory.es\/wp-content\/uploads\/2026\/03\/cafe-lor-.png","type":"image\/png"}],"author":"eloi","twitter_card":"summary_large_image","twitter_misc":{"Written by":"eloi","Estimated reading time":"4 minutes"},"schema":{"@context":"https:\/\/schema.org","@graph":[{"@type":"Article","@id":"https:\/\/foodstory.es\/la-norte-americana-kdp-compra-jde-peets-lider-mundial-en-cafe\/#article","isPartOf":{"@id":"https:\/\/foodstory.es\/la-norte-americana-kdp-compra-jde-peets-lider-mundial-en-cafe\/"},"author":{"name":"eloi","@id":"https:\/\/foodstory.es\/#\/schema\/person\/9f90bee5e60ba1bf8d3f286132644e1e"},"headline":"La norte-americana KDP compra JDE Peet\u00b4s, l\u00edder mundial en caf\u00e9","datePublished":"2026-03-08T11:11:20+00:00","dateModified":"2026-03-08T11:11:25+00:00","mainEntityOfPage":{"@id":"https:\/\/foodstory.es\/la-norte-americana-kdp-compra-jde-peets-lider-mundial-en-cafe\/"},"wordCount":724,"publisher":{"@id":"https:\/\/foodstory.es\/#organization"},"image":{"@id":"https:\/\/foodstory.es\/la-norte-americana-kdp-compra-jde-peets-lider-mundial-en-cafe\/#primaryimage"},"thumbnailUrl":"https:\/\/foodstory.es\/wp-content\/uploads\/2026\/03\/cafe-lor-.png","articleSection":["ACTUALIDAD","SUPPLY CHAIN"],"inLanguage":"en-GB"},{"@type":"WebPage","@id":"https:\/\/foodstory.es\/la-norte-americana-kdp-compra-jde-peets-lider-mundial-en-cafe\/","url":"https:\/\/foodstory.es\/la-norte-americana-kdp-compra-jde-peets-lider-mundial-en-cafe\/","name":"La norte-americana KDP compra JDE Peet\u00b4s, l\u00edder mundial en caf\u00e9 - Food Story","isPartOf":{"@id":"https:\/\/foodstory.es\/#website"},"primaryImageOfPage":{"@id":"https:\/\/foodstory.es\/la-norte-americana-kdp-compra-jde-peets-lider-mundial-en-cafe\/#primaryimage"},"image":{"@id":"https:\/\/foodstory.es\/la-norte-americana-kdp-compra-jde-peets-lider-mundial-en-cafe\/#primaryimage"},"thumbnailUrl":"https:\/\/foodstory.es\/wp-content\/uploads\/2026\/03\/cafe-lor-.png","datePublished":"2026-03-08T11:11:20+00:00","dateModified":"2026-03-08T11:11:25+00:00","breadcrumb":{"@id":"https:\/\/foodstory.es\/la-norte-americana-kdp-compra-jde-peets-lider-mundial-en-cafe\/#breadcrumb"},"inLanguage":"en-GB","potentialAction":[{"@type":"ReadAction","target":["https:\/\/foodstory.es\/la-norte-americana-kdp-compra-jde-peets-lider-mundial-en-cafe\/"]}]},{"@type":"ImageObject","inLanguage":"en-GB","@id":"https:\/\/foodstory.es\/la-norte-americana-kdp-compra-jde-peets-lider-mundial-en-cafe\/#primaryimage","url":"https:\/\/foodstory.es\/wp-content\/uploads\/2026\/03\/cafe-lor-.png","contentUrl":"https:\/\/foodstory.es\/wp-content\/uploads\/2026\/03\/cafe-lor-.png","width":312,"height":223},{"@type":"BreadcrumbList","@id":"https:\/\/foodstory.es\/la-norte-americana-kdp-compra-jde-peets-lider-mundial-en-cafe\/#breadcrumb","itemListElement":[{"@type":"ListItem","position":1,"name":"Portada","item":"https:\/\/foodstory.es\/"},{"@type":"ListItem","position":2,"name":"La norte-americana KDP compra JDE Peet\u00b4s, l\u00edder mundial en caf\u00e9"}]},{"@type":"WebSite","@id":"https:\/\/foodstory.es\/#website","url":"https:\/\/foodstory.es\/","name":"Food Story","description":"Envisioning the future without forgetting the past","publisher":{"@id":"https:\/\/foodstory.es\/#organization"},"potentialAction":[{"@type":"SearchAction","target":{"@type":"EntryPoint","urlTemplate":"https:\/\/foodstory.es\/?s={search_term_string}"},"query-input":{"@type":"PropertyValueSpecification","valueRequired":true,"valueName":"search_term_string"}}],"inLanguage":"en-GB"},{"@type":"Organization","@id":"https:\/\/foodstory.es\/#organization","name":"Food Story","url":"https:\/\/foodstory.es\/","logo":{"@type":"ImageObject","inLanguage":"en-GB","@id":"https:\/\/foodstory.es\/#\/schema\/logo\/image\/","url":"https:\/\/foodstory.es\/wp-content\/uploads\/2024\/01\/LOGO-Food-Story.png","contentUrl":"https:\/\/foodstory.es\/wp-content\/uploads\/2024\/01\/LOGO-Food-Story.png","width":800,"height":800,"caption":"Food Story"},"image":{"@id":"https:\/\/foodstory.es\/#\/schema\/logo\/image\/"}},{"@type":"Person","@id":"https:\/\/foodstory.es\/#\/schema\/person\/9f90bee5e60ba1bf8d3f286132644e1e","name":"eloi","sameAs":["http:\/\/foodstory.es"],"url":"https:\/\/foodstory.es\/en\/author\/eloi\/"}]}},"taxonomy_info":{"category":[{"value":1,"label":"ACTUALIDAD"},{"value":9,"label":"SUPPLY CHAIN"}]},"featured_image_src_large":["https:\/\/foodstory.es\/wp-content\/uploads\/2026\/03\/cafe-lor-.png",312,223,false],"author_info":{"display_name":"eloi","author_link":"https:\/\/foodstory.es\/en\/author\/eloi\/"},"comment_info":0,"category_info":[{"term_id":1,"name":"ACTUALIDAD","slug":"actualidad","term_group":0,"term_taxonomy_id":1,"taxonomy":"category","description":"","parent":0,"count":122,"filter":"raw","term_order":"0","cat_ID":1,"category_count":122,"category_description":"","cat_name":"ACTUALIDAD","category_nicename":"actualidad","category_parent":0},{"term_id":9,"name":"SUPPLY CHAIN","slug":"supply-chain","term_group":0,"term_taxonomy_id":9,"taxonomy":"category","description":"","parent":0,"count":40,"filter":"raw","term_order":"0","cat_ID":9,"category_count":40,"category_description":"","cat_name":"SUPPLY CHAIN","category_nicename":"supply-chain","category_parent":0}],"tag_info":false,"_links":{"self":[{"href":"https:\/\/foodstory.es\/en\/wp-json\/wp\/v2\/posts\/3053","targetHints":{"allow":["GET"]}}],"collection":[{"href":"https:\/\/foodstory.es\/en\/wp-json\/wp\/v2\/posts"}],"about":[{"href":"https:\/\/foodstory.es\/en\/wp-json\/wp\/v2\/types\/post"}],"author":[{"embeddable":true,"href":"https:\/\/foodstory.es\/en\/wp-json\/wp\/v2\/users\/1"}],"replies":[{"embeddable":true,"href":"https:\/\/foodstory.es\/en\/wp-json\/wp\/v2\/comments?post=3053"}],"version-history":[{"count":1,"href":"https:\/\/foodstory.es\/en\/wp-json\/wp\/v2\/posts\/3053\/revisions"}],"predecessor-version":[{"id":3055,"href":"https:\/\/foodstory.es\/en\/wp-json\/wp\/v2\/posts\/3053\/revisions\/3055"}],"wp:featuredmedia":[{"embeddable":true,"href":"https:\/\/foodstory.es\/en\/wp-json\/wp\/v2\/media\/3054"}],"wp:attachment":[{"href":"https:\/\/foodstory.es\/en\/wp-json\/wp\/v2\/media?parent=3053"}],"wp:term":[{"taxonomy":"category","embeddable":true,"href":"https:\/\/foodstory.es\/en\/wp-json\/wp\/v2\/categories?post=3053"},{"taxonomy":"post_tag","embeddable":true,"href":"https:\/\/foodstory.es\/en\/wp-json\/wp\/v2\/tags?post=3053"}],"curies":[{"name":"wp","href":"https:\/\/api.w.org\/{rel}","templated":true}]}}