{"id":3051,"date":"2026-03-08T12:07:20","date_gmt":"2026-03-08T11:07:20","guid":{"rendered":"https:\/\/foodstory.es\/?p=3051"},"modified":"2026-03-08T12:07:24","modified_gmt":"2026-03-08T11:07:24","slug":"compass-ukireland-lanza-la-academia-de-sostenibilidad-para-formar-de-lideres-en-neutralidad-de-emisiones","status":"publish","type":"post","link":"https:\/\/foodstory.es\/en\/compass-ukireland-lanza-la-academia-de-sostenibilidad-para-formar-de-lideres-en-neutralidad-de-emisiones\/","title":{"rendered":"Compass UK&amp;Ireland lanza la Academia de Sostenibilidad para formar \u00a0\u00a0\u00a0de l\u00edderes \u00a0en \u00a0neutralidad de emisiones"},"content":{"rendered":"<p><\/p>\n\n\n\n<p>&nbsp;Compass Group UK &amp; Ireland ha presentado su nueva Accelerating Compass&#8217; Transition (ACT) Sustainability Academy, una nueva iniciativa docente &nbsp;dise\u00f1ada para formar a la pr\u00f3xima generaci\u00f3n de l\u00edderes en sostenibilidad en este gigante de la hosteler\u00eda.<\/p>\n\n\n\n<p>La academia emblem\u00e1tica combina aprendizaje guiado por expertos, proyectos reales y habilidades pr\u00e1cticas para impulsar un cambio significativo.<\/p>\n\n\n\n<p>La Academia tiene como partner &nbsp;a GLP Training, &nbsp;que unir\u00e1 su experiencia especializada en mejora continua con el conocimiento de l\u00edderes de Compass, desde chefs hasta nutricionistas, adem\u00e1s de responsables de sostenibilidad y profesionales de compras.<\/p>\n\n\n\n<p>Jonathan Foot, director de habilidades y primeros a\u00f1os de carrera en Compass Group UK &amp; Ireland, declar\u00f3: \u00abEstamos encantados de anunciar la \u00faltima incorporaci\u00f3n a nuestros Programas Emblem\u00e1ticos. Nuestra industria tiene un papel vital para lograr operaciones m\u00e1s sostenibles y reducir su impacto en nuestro planeta.<\/p>\n\n\n\n<p>\u00abEsta academia garantiza que estamos equipando a nuestra gente con las habilidades, comportamientos y confianza necesarios para lograr cambios medibles y positivos.<\/p>\n\n\n\n<p>La Academia de Sostenibilidad del ACT forma parte de los seis Programas Emblem\u00e1ticos de Compass Group Reino Unido e Irlanda &nbsp;que, a su vez, se integran en el &nbsp;Our Social Promise de Compass, cuyo objetivo es &nbsp;desarrollar talento y ofrecer oportunidades para todos.<\/p>","protected":false},"excerpt":{"rendered":"<p>&nbsp;Compass Group UK &amp; Ireland ha presentado su nueva Accelerating Compass&#8217; Transition (ACT) Sustainability Academy, una nueva iniciativa docente &nbsp;dise\u00f1ada para formar a la pr\u00f3xima generaci\u00f3n de l\u00edderes en sostenibilidad en este gigante de la hosteler\u00eda. La academia emblem\u00e1tica combina aprendizaje guiado&#8230;<\/p>","protected":false},"author":1,"featured_media":1927,"comment_status":"closed","ping_status":"closed","sticky":false,"template":"","format":"standard","meta":{"_kad_blocks_custom_css":"","_kad_blocks_head_custom_js":"","_kad_blocks_body_custom_js":"","_kad_blocks_footer_custom_js":"","_kadence_starter_templates_imported_post":false,"_kad_post_transparent":"","_kad_post_title":"","_kad_post_layout":"","_kad_post_sidebar_id":"","_kad_post_content_style":"","_kad_post_vertical_padding":"","_kad_post_feature":"","_kad_post_feature_position":"","_kad_post_header":false,"_kad_post_footer":false,"_kad_post_classname":"","footnotes":""},"categories":[8],"tags":[],"class_list":["post-3051","post","type-post","status-publish","format-standard","has-post-thumbnail","hentry","category-restauracion-colectiva"],"yoast_head":"<!-- This site is optimized with the Yoast SEO plugin v27.4 - https:\/\/yoast.com\/product\/yoast-seo-wordpress\/ -->\n<title>Compass UK&amp;Ireland lanza la Academia de Sostenibilidad para formar \u00a0\u00a0\u00a0de l\u00edderes \u00a0en \u00a0neutralidad de emisiones - Food Story<\/title>\n<meta name=\"robots\" content=\"index, follow, max-snippet:-1, max-image-preview:large, max-video-preview:-1\" \/>\n<link rel=\"canonical\" href=\"https:\/\/foodstory.es\/en\/compass-ukireland-lanza-la-academia-de-sostenibilidad-para-formar-de-lideres-en-neutralidad-de-emisiones\/\" \/>\n<meta property=\"og:locale\" content=\"en_GB\" \/>\n<meta property=\"og:type\" content=\"article\" \/>\n<meta property=\"og:title\" content=\"Compass UK&amp;Ireland lanza la Academia de Sostenibilidad para formar \u00a0\u00a0\u00a0de l\u00edderes \u00a0en \u00a0neutralidad de emisiones - Food Story\" \/>\n<meta property=\"og:description\" content=\"&nbsp;Compass Group UK &amp; Ireland ha presentado su nueva Accelerating Compass&#8217; Transition (ACT) Sustainability Academy, una nueva iniciativa docente &nbsp;dise\u00f1ada para formar a la pr\u00f3xima generaci\u00f3n de l\u00edderes en sostenibilidad en este gigante de la hosteler\u00eda. La academia emblem\u00e1tica combina aprendizaje guiado...\" \/>\n<meta property=\"og:url\" content=\"https:\/\/foodstory.es\/en\/compass-ukireland-lanza-la-academia-de-sostenibilidad-para-formar-de-lideres-en-neutralidad-de-emisiones\/\" \/>\n<meta property=\"og:site_name\" content=\"Food Story\" \/>\n<meta property=\"article:published_time\" content=\"2026-03-08T11:07:20+00:00\" \/>\n<meta property=\"article:modified_time\" content=\"2026-03-08T11:07:24+00:00\" \/>\n<meta property=\"og:image\" content=\"https:\/\/foodstory.es\/wp-content\/uploads\/2024\/12\/compass-group-logo.jpeg\" \/>\n\t<meta property=\"og:image:width\" content=\"474\" \/>\n\t<meta property=\"og:image:height\" content=\"266\" \/>\n\t<meta property=\"og:image:type\" content=\"image\/jpeg\" \/>\n<meta name=\"author\" content=\"eloi\" \/>\n<meta name=\"twitter:card\" content=\"summary_large_image\" \/>\n<meta name=\"twitter:label1\" content=\"Written by\" \/>\n\t<meta name=\"twitter:data1\" content=\"eloi\" \/>\n\t<meta name=\"twitter:label2\" content=\"Estimated reading time\" \/>\n\t<meta name=\"twitter:data2\" content=\"2 minutes\" \/>\n<script type=\"application\/ld+json\" class=\"yoast-schema-graph\">{\"@context\":\"https:\\\/\\\/schema.org\",\"@graph\":[{\"@type\":\"Article\",\"@id\":\"https:\\\/\\\/foodstory.es\\\/compass-ukireland-lanza-la-academia-de-sostenibilidad-para-formar-de-lideres-en-neutralidad-de-emisiones\\\/#article\",\"isPartOf\":{\"@id\":\"https:\\\/\\\/foodstory.es\\\/compass-ukireland-lanza-la-academia-de-sostenibilidad-para-formar-de-lideres-en-neutralidad-de-emisiones\\\/\"},\"author\":{\"name\":\"eloi\",\"@id\":\"https:\\\/\\\/foodstory.es\\\/#\\\/schema\\\/person\\\/9f90bee5e60ba1bf8d3f286132644e1e\"},\"headline\":\"Compass UK&amp;Ireland lanza la Academia de Sostenibilidad para formar \u00a0\u00a0\u00a0de l\u00edderes \u00a0en \u00a0neutralidad de emisiones\",\"datePublished\":\"2026-03-08T11:07:20+00:00\",\"dateModified\":\"2026-03-08T11:07:24+00:00\",\"mainEntityOfPage\":{\"@id\":\"https:\\\/\\\/foodstory.es\\\/compass-ukireland-lanza-la-academia-de-sostenibilidad-para-formar-de-lideres-en-neutralidad-de-emisiones\\\/\"},\"wordCount\":240,\"publisher\":{\"@id\":\"https:\\\/\\\/foodstory.es\\\/#organization\"},\"image\":{\"@id\":\"https:\\\/\\\/foodstory.es\\\/compass-ukireland-lanza-la-academia-de-sostenibilidad-para-formar-de-lideres-en-neutralidad-de-emisiones\\\/#primaryimage\"},\"thumbnailUrl\":\"https:\\\/\\\/foodstory.es\\\/wp-content\\\/uploads\\\/2024\\\/12\\\/compass-group-logo.jpeg\",\"articleSection\":[\"RESTAURACI\u00d3N COLECTIVA\"],\"inLanguage\":\"en-GB\"},{\"@type\":\"WebPage\",\"@id\":\"https:\\\/\\\/foodstory.es\\\/compass-ukireland-lanza-la-academia-de-sostenibilidad-para-formar-de-lideres-en-neutralidad-de-emisiones\\\/\",\"url\":\"https:\\\/\\\/foodstory.es\\\/compass-ukireland-lanza-la-academia-de-sostenibilidad-para-formar-de-lideres-en-neutralidad-de-emisiones\\\/\",\"name\":\"Compass UK&amp;Ireland lanza la Academia de Sostenibilidad para formar \u00a0\u00a0\u00a0de l\u00edderes \u00a0en \u00a0neutralidad de emisiones - Food Story\",\"isPartOf\":{\"@id\":\"https:\\\/\\\/foodstory.es\\\/#website\"},\"primaryImageOfPage\":{\"@id\":\"https:\\\/\\\/foodstory.es\\\/compass-ukireland-lanza-la-academia-de-sostenibilidad-para-formar-de-lideres-en-neutralidad-de-emisiones\\\/#primaryimage\"},\"image\":{\"@id\":\"https:\\\/\\\/foodstory.es\\\/compass-ukireland-lanza-la-academia-de-sostenibilidad-para-formar-de-lideres-en-neutralidad-de-emisiones\\\/#primaryimage\"},\"thumbnailUrl\":\"https:\\\/\\\/foodstory.es\\\/wp-content\\\/uploads\\\/2024\\\/12\\\/compass-group-logo.jpeg\",\"datePublished\":\"2026-03-08T11:07:20+00:00\",\"dateModified\":\"2026-03-08T11:07:24+00:00\",\"breadcrumb\":{\"@id\":\"https:\\\/\\\/foodstory.es\\\/compass-ukireland-lanza-la-academia-de-sostenibilidad-para-formar-de-lideres-en-neutralidad-de-emisiones\\\/#breadcrumb\"},\"inLanguage\":\"en-GB\",\"potentialAction\":[{\"@type\":\"ReadAction\",\"target\":[\"https:\\\/\\\/foodstory.es\\\/compass-ukireland-lanza-la-academia-de-sostenibilidad-para-formar-de-lideres-en-neutralidad-de-emisiones\\\/\"]}]},{\"@type\":\"ImageObject\",\"inLanguage\":\"en-GB\",\"@id\":\"https:\\\/\\\/foodstory.es\\\/compass-ukireland-lanza-la-academia-de-sostenibilidad-para-formar-de-lideres-en-neutralidad-de-emisiones\\\/#primaryimage\",\"url\":\"https:\\\/\\\/foodstory.es\\\/wp-content\\\/uploads\\\/2024\\\/12\\\/compass-group-logo.jpeg\",\"contentUrl\":\"https:\\\/\\\/foodstory.es\\\/wp-content\\\/uploads\\\/2024\\\/12\\\/compass-group-logo.jpeg\",\"width\":474,\"height\":266},{\"@type\":\"BreadcrumbList\",\"@id\":\"https:\\\/\\\/foodstory.es\\\/compass-ukireland-lanza-la-academia-de-sostenibilidad-para-formar-de-lideres-en-neutralidad-de-emisiones\\\/#breadcrumb\",\"itemListElement\":[{\"@type\":\"ListItem\",\"position\":1,\"name\":\"Portada\",\"item\":\"https:\\\/\\\/foodstory.es\\\/\"},{\"@type\":\"ListItem\",\"position\":2,\"name\":\"Compass UK&amp;Ireland lanza la Academia de Sostenibilidad para formar \u00a0\u00a0\u00a0de l\u00edderes \u00a0en \u00a0neutralidad de emisiones\"}]},{\"@type\":\"WebSite\",\"@id\":\"https:\\\/\\\/foodstory.es\\\/#website\",\"url\":\"https:\\\/\\\/foodstory.es\\\/\",\"name\":\"Food Story\",\"description\":\"Visionando el futuro sin olvidar el pasado\",\"publisher\":{\"@id\":\"https:\\\/\\\/foodstory.es\\\/#organization\"},\"potentialAction\":[{\"@type\":\"SearchAction\",\"target\":{\"@type\":\"EntryPoint\",\"urlTemplate\":\"https:\\\/\\\/foodstory.es\\\/?s={search_term_string}\"},\"query-input\":{\"@type\":\"PropertyValueSpecification\",\"valueRequired\":true,\"valueName\":\"search_term_string\"}}],\"inLanguage\":\"en-GB\"},{\"@type\":\"Organization\",\"@id\":\"https:\\\/\\\/foodstory.es\\\/#organization\",\"name\":\"Food Story\",\"url\":\"https:\\\/\\\/foodstory.es\\\/\",\"logo\":{\"@type\":\"ImageObject\",\"inLanguage\":\"en-GB\",\"@id\":\"https:\\\/\\\/foodstory.es\\\/#\\\/schema\\\/logo\\\/image\\\/\",\"url\":\"https:\\\/\\\/foodstory.es\\\/wp-content\\\/uploads\\\/2024\\\/01\\\/LOGO-Food-Story.png\",\"contentUrl\":\"https:\\\/\\\/foodstory.es\\\/wp-content\\\/uploads\\\/2024\\\/01\\\/LOGO-Food-Story.png\",\"width\":800,\"height\":800,\"caption\":\"Food Story\"},\"image\":{\"@id\":\"https:\\\/\\\/foodstory.es\\\/#\\\/schema\\\/logo\\\/image\\\/\"}},{\"@type\":\"Person\",\"@id\":\"https:\\\/\\\/foodstory.es\\\/#\\\/schema\\\/person\\\/9f90bee5e60ba1bf8d3f286132644e1e\",\"name\":\"eloi\",\"sameAs\":[\"http:\\\/\\\/foodstory.es\"],\"url\":\"https:\\\/\\\/foodstory.es\\\/en\\\/author\\\/eloi\\\/\"}]}<\/script>\n<!-- \/ Yoast SEO plugin. -->","yoast_head_json":{"title":"Compass UK&amp;Ireland lanza la Academia de Sostenibilidad para formar \u00a0\u00a0\u00a0de l\u00edderes \u00a0en \u00a0neutralidad de emisiones - Food Story","robots":{"index":"index","follow":"follow","max-snippet":"max-snippet:-1","max-image-preview":"max-image-preview:large","max-video-preview":"max-video-preview:-1"},"canonical":"https:\/\/foodstory.es\/en\/compass-ukireland-lanza-la-academia-de-sostenibilidad-para-formar-de-lideres-en-neutralidad-de-emisiones\/","og_locale":"en_GB","og_type":"article","og_title":"Compass UK&amp;Ireland lanza la Academia de Sostenibilidad para formar \u00a0\u00a0\u00a0de l\u00edderes \u00a0en \u00a0neutralidad de emisiones - Food Story","og_description":"&nbsp;Compass Group UK &amp; Ireland ha presentado su nueva Accelerating Compass&#8217; Transition (ACT) Sustainability Academy, una nueva iniciativa docente &nbsp;dise\u00f1ada para formar a la pr\u00f3xima generaci\u00f3n de l\u00edderes en sostenibilidad en este gigante de la hosteler\u00eda. La academia emblem\u00e1tica combina aprendizaje guiado...","og_url":"https:\/\/foodstory.es\/en\/compass-ukireland-lanza-la-academia-de-sostenibilidad-para-formar-de-lideres-en-neutralidad-de-emisiones\/","og_site_name":"Food Story","article_published_time":"2026-03-08T11:07:20+00:00","article_modified_time":"2026-03-08T11:07:24+00:00","og_image":[{"width":474,"height":266,"url":"https:\/\/foodstory.es\/wp-content\/uploads\/2024\/12\/compass-group-logo.jpeg","type":"image\/jpeg"}],"author":"eloi","twitter_card":"summary_large_image","twitter_misc":{"Written by":"eloi","Estimated reading time":"2 minutes"},"schema":{"@context":"https:\/\/schema.org","@graph":[{"@type":"Article","@id":"https:\/\/foodstory.es\/compass-ukireland-lanza-la-academia-de-sostenibilidad-para-formar-de-lideres-en-neutralidad-de-emisiones\/#article","isPartOf":{"@id":"https:\/\/foodstory.es\/compass-ukireland-lanza-la-academia-de-sostenibilidad-para-formar-de-lideres-en-neutralidad-de-emisiones\/"},"author":{"name":"eloi","@id":"https:\/\/foodstory.es\/#\/schema\/person\/9f90bee5e60ba1bf8d3f286132644e1e"},"headline":"Compass UK&amp;Ireland lanza la Academia de Sostenibilidad para formar \u00a0\u00a0\u00a0de l\u00edderes \u00a0en \u00a0neutralidad de emisiones","datePublished":"2026-03-08T11:07:20+00:00","dateModified":"2026-03-08T11:07:24+00:00","mainEntityOfPage":{"@id":"https:\/\/foodstory.es\/compass-ukireland-lanza-la-academia-de-sostenibilidad-para-formar-de-lideres-en-neutralidad-de-emisiones\/"},"wordCount":240,"publisher":{"@id":"https:\/\/foodstory.es\/#organization"},"image":{"@id":"https:\/\/foodstory.es\/compass-ukireland-lanza-la-academia-de-sostenibilidad-para-formar-de-lideres-en-neutralidad-de-emisiones\/#primaryimage"},"thumbnailUrl":"https:\/\/foodstory.es\/wp-content\/uploads\/2024\/12\/compass-group-logo.jpeg","articleSection":["RESTAURACI\u00d3N COLECTIVA"],"inLanguage":"en-GB"},{"@type":"WebPage","@id":"https:\/\/foodstory.es\/compass-ukireland-lanza-la-academia-de-sostenibilidad-para-formar-de-lideres-en-neutralidad-de-emisiones\/","url":"https:\/\/foodstory.es\/compass-ukireland-lanza-la-academia-de-sostenibilidad-para-formar-de-lideres-en-neutralidad-de-emisiones\/","name":"Compass UK&amp;Ireland lanza la Academia de Sostenibilidad para formar \u00a0\u00a0\u00a0de l\u00edderes \u00a0en \u00a0neutralidad de emisiones - Food Story","isPartOf":{"@id":"https:\/\/foodstory.es\/#website"},"primaryImageOfPage":{"@id":"https:\/\/foodstory.es\/compass-ukireland-lanza-la-academia-de-sostenibilidad-para-formar-de-lideres-en-neutralidad-de-emisiones\/#primaryimage"},"image":{"@id":"https:\/\/foodstory.es\/compass-ukireland-lanza-la-academia-de-sostenibilidad-para-formar-de-lideres-en-neutralidad-de-emisiones\/#primaryimage"},"thumbnailUrl":"https:\/\/foodstory.es\/wp-content\/uploads\/2024\/12\/compass-group-logo.jpeg","datePublished":"2026-03-08T11:07:20+00:00","dateModified":"2026-03-08T11:07:24+00:00","breadcrumb":{"@id":"https:\/\/foodstory.es\/compass-ukireland-lanza-la-academia-de-sostenibilidad-para-formar-de-lideres-en-neutralidad-de-emisiones\/#breadcrumb"},"inLanguage":"en-GB","potentialAction":[{"@type":"ReadAction","target":["https:\/\/foodstory.es\/compass-ukireland-lanza-la-academia-de-sostenibilidad-para-formar-de-lideres-en-neutralidad-de-emisiones\/"]}]},{"@type":"ImageObject","inLanguage":"en-GB","@id":"https:\/\/foodstory.es\/compass-ukireland-lanza-la-academia-de-sostenibilidad-para-formar-de-lideres-en-neutralidad-de-emisiones\/#primaryimage","url":"https:\/\/foodstory.es\/wp-content\/uploads\/2024\/12\/compass-group-logo.jpeg","contentUrl":"https:\/\/foodstory.es\/wp-content\/uploads\/2024\/12\/compass-group-logo.jpeg","width":474,"height":266},{"@type":"BreadcrumbList","@id":"https:\/\/foodstory.es\/compass-ukireland-lanza-la-academia-de-sostenibilidad-para-formar-de-lideres-en-neutralidad-de-emisiones\/#breadcrumb","itemListElement":[{"@type":"ListItem","position":1,"name":"Portada","item":"https:\/\/foodstory.es\/"},{"@type":"ListItem","position":2,"name":"Compass UK&amp;Ireland lanza la Academia de Sostenibilidad para formar \u00a0\u00a0\u00a0de l\u00edderes \u00a0en \u00a0neutralidad de emisiones"}]},{"@type":"WebSite","@id":"https:\/\/foodstory.es\/#website","url":"https:\/\/foodstory.es\/","name":"Food Story","description":"Envisioning the future without forgetting the past","publisher":{"@id":"https:\/\/foodstory.es\/#organization"},"potentialAction":[{"@type":"SearchAction","target":{"@type":"EntryPoint","urlTemplate":"https:\/\/foodstory.es\/?s={search_term_string}"},"query-input":{"@type":"PropertyValueSpecification","valueRequired":true,"valueName":"search_term_string"}}],"inLanguage":"en-GB"},{"@type":"Organization","@id":"https:\/\/foodstory.es\/#organization","name":"Food Story","url":"https:\/\/foodstory.es\/","logo":{"@type":"ImageObject","inLanguage":"en-GB","@id":"https:\/\/foodstory.es\/#\/schema\/logo\/image\/","url":"https:\/\/foodstory.es\/wp-content\/uploads\/2024\/01\/LOGO-Food-Story.png","contentUrl":"https:\/\/foodstory.es\/wp-content\/uploads\/2024\/01\/LOGO-Food-Story.png","width":800,"height":800,"caption":"Food Story"},"image":{"@id":"https:\/\/foodstory.es\/#\/schema\/logo\/image\/"}},{"@type":"Person","@id":"https:\/\/foodstory.es\/#\/schema\/person\/9f90bee5e60ba1bf8d3f286132644e1e","name":"eloi","sameAs":["http:\/\/foodstory.es"],"url":"https:\/\/foodstory.es\/en\/author\/eloi\/"}]}},"taxonomy_info":{"category":[{"value":8,"label":"RESTAURACI\u00d3N COLECTIVA"}]},"featured_image_src_large":["https:\/\/foodstory.es\/wp-content\/uploads\/2024\/12\/compass-group-logo.jpeg",474,266,false],"author_info":{"display_name":"eloi","author_link":"https:\/\/foodstory.es\/en\/author\/eloi\/"},"comment_info":0,"category_info":[{"term_id":8,"name":"RESTAURACI\u00d3N COLECTIVA","slug":"restauracion-colectiva","term_group":0,"term_taxonomy_id":8,"taxonomy":"category","description":"","parent":0,"count":49,"filter":"raw","term_order":"0","cat_ID":8,"category_count":49,"category_description":"","cat_name":"RESTAURACI\u00d3N COLECTIVA","category_nicename":"restauracion-colectiva","category_parent":0}],"tag_info":false,"_links":{"self":[{"href":"https:\/\/foodstory.es\/en\/wp-json\/wp\/v2\/posts\/3051","targetHints":{"allow":["GET"]}}],"collection":[{"href":"https:\/\/foodstory.es\/en\/wp-json\/wp\/v2\/posts"}],"about":[{"href":"https:\/\/foodstory.es\/en\/wp-json\/wp\/v2\/types\/post"}],"author":[{"embeddable":true,"href":"https:\/\/foodstory.es\/en\/wp-json\/wp\/v2\/users\/1"}],"replies":[{"embeddable":true,"href":"https:\/\/foodstory.es\/en\/wp-json\/wp\/v2\/comments?post=3051"}],"version-history":[{"count":1,"href":"https:\/\/foodstory.es\/en\/wp-json\/wp\/v2\/posts\/3051\/revisions"}],"predecessor-version":[{"id":3052,"href":"https:\/\/foodstory.es\/en\/wp-json\/wp\/v2\/posts\/3051\/revisions\/3052"}],"wp:featuredmedia":[{"embeddable":true,"href":"https:\/\/foodstory.es\/en\/wp-json\/wp\/v2\/media\/1927"}],"wp:attachment":[{"href":"https:\/\/foodstory.es\/en\/wp-json\/wp\/v2\/media?parent=3051"}],"wp:term":[{"taxonomy":"category","embeddable":true,"href":"https:\/\/foodstory.es\/en\/wp-json\/wp\/v2\/categories?post=3051"},{"taxonomy":"post_tag","embeddable":true,"href":"https:\/\/foodstory.es\/en\/wp-json\/wp\/v2\/tags?post=3051"}],"curies":[{"name":"wp","href":"https:\/\/api.w.org\/{rel}","templated":true}]}}