{"id":3402,"date":"2026-09-01T19:06:40","date_gmt":"2026-09-01T17:06:40","guid":{"rendered":"https:\/\/foodstory.es\/?p=3402"},"modified":"2026-09-01T19:06:53","modified_gmt":"2026-09-01T17:06:53","slug":"sodexo-recortara-plantilla-en-francia","status":"publish","type":"post","link":"https:\/\/foodstory.es\/ca\/sodexo-recortara-plantilla-en-francia\/","title":{"rendered":"SODEXO recortar\u00e1 plantilla en Francia"},"content":{"rendered":"<p class=\"wp-block-paragraph\"><\/p>\n\n\n\n<p class=\"wp-block-paragraph\">A finales de agosto 2026,&nbsp;Sodexo&nbsp;ha anunciado &nbsp;un gran plan de transformaci\u00f3n&nbsp;<em>\u00abdise\u00f1ado para acelerar su crecimiento, fortalecer de forma sostenible su competitividad y consolidar su posici\u00f3n de liderazgo en sus mercados\u00bb,<\/em>&nbsp;explica la empresa &nbsp;en un comunicado de prensa. Esto se refleja en una gran reorganizaci\u00f3n y la eliminaci\u00f3n de mil empleos en Francia.&nbsp;<\/p>\n\n\n\n<p class=\"wp-block-paragraph\">M\u00e1s concretamente,&nbsp;la filial francesa de Sodexo planea recortar 963 empleos, o el 4% de su plantilla, como parte de un plan de protecci\u00f3n laboral (PSE)&nbsp;precedido por una fase de despidos voluntarios.&nbsp;<\/p>\n\n\n\n<p class=\"wp-block-paragraph\">Al mismo tiempo, en la sede del grupo, tambi\u00e9n situada en Francia, se planea recortar 134 empleos. Esto supone que un total de 1097 empleos est\u00e9n en peligro.<\/p>\n\n\n\n<p class=\"wp-block-paragraph\">La empresa sostiene que &nbsp;<em>\u00abDesde hace varios a\u00f1os, los mercados en los que Sodexo opera en Francia y su entorno econ\u00f3mico han estado cambiando profundamente\u00bb,<\/em>&nbsp;explica el grupo<em>, destacando \u00abel aumento de la competencia y el cambio en las expectativas de los consumidores\u00bb.<\/em>&nbsp;<\/p>\n\n\n\n<p class=\"wp-block-paragraph\">Los sindicatos ya se han hecho o\u00edr ; Para la&nbsp;CGT, este anuncio es inaceptable.&nbsp;<em>\u00abSodexo no es una empresa en bancarrota: el grupo sigue mostrando un crecimiento significativo en ingresos y ambiciones para los pr\u00f3ximos a\u00f1os. Al mismo tiempo, Sodexo planea invertir casi 1.000 millones de euros para 2030 y mantiene una pol\u00edtica de pagar a los accionistas el 50% de los beneficios,&nbsp;<\/em>protesta el sindicato.&nbsp;<em>La direcci\u00f3n destaca el crecimiento, la competitividad y la transformaci\u00f3n de la empresa. Para la CGT, estas palabras no deben usarse para justificar una nueva ruptura social. Los empleados no son responsables de las decisiones estrat\u00e9gicas, errores de gesti\u00f3n ni de las obligaciones financieras de los accionistas.<\/em><\/p>","protected":false},"excerpt":{"rendered":"<p>A finales de agosto 2026,&nbsp;Sodexo&nbsp;ha anunciado &nbsp;un gran plan de transformaci\u00f3n&nbsp;\u00abdise\u00f1ado para acelerar su crecimiento, fortalecer de forma sostenible su competitividad y consolidar su posici\u00f3n de liderazgo en sus mercados\u00bb,&nbsp;explica la empresa &nbsp;en un comunicado de prensa. Esto se refleja en una&#8230;<\/p>","protected":false},"author":1,"featured_media":1576,"comment_status":"closed","ping_status":"closed","sticky":false,"template":"","format":"standard","meta":{"_kad_blocks_custom_css":"","_kad_blocks_head_custom_js":"","_kad_blocks_body_custom_js":"","_kad_blocks_footer_custom_js":"","_kadence_starter_templates_imported_post":false,"_kad_post_transparent":"","_kad_post_title":"","_kad_post_layout":"","_kad_post_sidebar_id":"","_kad_post_content_style":"","_kad_post_vertical_padding":"","_kad_post_feature":"","_kad_post_feature_position":"","_kad_post_header":false,"_kad_post_footer":false,"_kad_post_classname":"","footnotes":""},"categories":[1,8],"tags":[],"class_list":["post-3402","post","type-post","status-publish","format-standard","has-post-thumbnail","hentry","category-actualidad","category-restauracion-colectiva"],"yoast_head":"<!-- This site is optimized with the Yoast SEO plugin v28.4 - https:\/\/yoast.com\/product\/yoast-seo-wordpress\/ -->\n<title>SODEXO recortar\u00e1 plantilla en Francia - Food Story<\/title>\n<meta name=\"robots\" content=\"index, follow, max-snippet:-1, max-image-preview:large, max-video-preview:-1\" \/>\n<link rel=\"canonical\" href=\"https:\/\/foodstory.es\/ca\/sodexo-recortara-plantilla-en-francia\/\" \/>\n<meta property=\"og:locale\" content=\"ca_ES\" \/>\n<meta property=\"og:type\" content=\"article\" \/>\n<meta property=\"og:title\" content=\"SODEXO recortar\u00e1 plantilla en Francia - Food Story\" \/>\n<meta property=\"og:description\" content=\"A finales de agosto 2026,&nbsp;Sodexo&nbsp;ha anunciado &nbsp;un gran plan de transformaci\u00f3n&nbsp;\u00abdise\u00f1ado para acelerar su crecimiento, fortalecer de forma sostenible su competitividad y consolidar su posici\u00f3n de liderazgo en sus mercados\u00bb,&nbsp;explica la empresa &nbsp;en un comunicado de prensa. Esto se refleja en una...\" \/>\n<meta property=\"og:url\" content=\"https:\/\/foodstory.es\/ca\/sodexo-recortara-plantilla-en-francia\/\" \/>\n<meta property=\"og:site_name\" content=\"Food Story\" \/>\n<meta property=\"article:published_time\" content=\"2026-09-01T17:06:40+00:00\" \/>\n<meta property=\"article:modified_time\" content=\"2026-09-01T17:06:53+00:00\" \/>\n<meta property=\"og:image\" content=\"https:\/\/foodstory.es\/wp-content\/uploads\/2024\/04\/Unknown-sodexho.jpeg\" \/>\n\t<meta property=\"og:image:width\" content=\"311\" \/>\n\t<meta property=\"og:image:height\" content=\"162\" \/>\n\t<meta property=\"og:image:type\" content=\"image\/jpeg\" \/>\n<meta name=\"author\" content=\"eloi\" \/>\n<meta name=\"twitter:card\" content=\"summary_large_image\" \/>\n<meta name=\"twitter:label1\" content=\"Escrit per\" \/>\n\t<meta name=\"twitter:data1\" content=\"eloi\" \/>\n\t<meta name=\"twitter:label2\" content=\"Temps estimat de lectura\" \/>\n\t<meta name=\"twitter:data2\" content=\"2 minuts\" \/>\n<script type=\"application\/ld+json\" class=\"yoast-schema-graph\">{\"@context\":\"https:\\\/\\\/schema.org\",\"@graph\":[{\"@type\":\"Article\",\"@id\":\"https:\\\/\\\/foodstory.es\\\/sodexo-recortara-plantilla-en-francia\\\/#article\",\"isPartOf\":{\"@id\":\"https:\\\/\\\/foodstory.es\\\/sodexo-recortara-plantilla-en-francia\\\/\"},\"author\":{\"name\":\"eloi\",\"@id\":\"https:\\\/\\\/foodstory.es\\\/#\\\/schema\\\/person\\\/9f90bee5e60ba1bf8d3f286132644e1e\"},\"headline\":\"SODEXO recortar\u00e1 plantilla en Francia\",\"datePublished\":\"2026-09-01T17:06:40+00:00\",\"dateModified\":\"2026-09-01T17:06:53+00:00\",\"mainEntityOfPage\":{\"@id\":\"https:\\\/\\\/foodstory.es\\\/sodexo-recortara-plantilla-en-francia\\\/\"},\"wordCount\":306,\"publisher\":{\"@id\":\"https:\\\/\\\/foodstory.es\\\/#organization\"},\"image\":{\"@id\":\"https:\\\/\\\/foodstory.es\\\/sodexo-recortara-plantilla-en-francia\\\/#primaryimage\"},\"thumbnailUrl\":\"https:\\\/\\\/foodstory.es\\\/wp-content\\\/uploads\\\/2024\\\/04\\\/Unknown-sodexho.jpeg\",\"articleSection\":[\"ACTUALIDAD\",\"RESTAURACI\u00d3N COLECTIVA\"],\"inLanguage\":\"ca\"},{\"@type\":\"WebPage\",\"@id\":\"https:\\\/\\\/foodstory.es\\\/sodexo-recortara-plantilla-en-francia\\\/\",\"url\":\"https:\\\/\\\/foodstory.es\\\/sodexo-recortara-plantilla-en-francia\\\/\",\"name\":\"SODEXO recortar\u00e1 plantilla en Francia - Food Story\",\"isPartOf\":{\"@id\":\"https:\\\/\\\/foodstory.es\\\/#website\"},\"primaryImageOfPage\":{\"@id\":\"https:\\\/\\\/foodstory.es\\\/sodexo-recortara-plantilla-en-francia\\\/#primaryimage\"},\"image\":{\"@id\":\"https:\\\/\\\/foodstory.es\\\/sodexo-recortara-plantilla-en-francia\\\/#primaryimage\"},\"thumbnailUrl\":\"https:\\\/\\\/foodstory.es\\\/wp-content\\\/uploads\\\/2024\\\/04\\\/Unknown-sodexho.jpeg\",\"datePublished\":\"2026-09-01T17:06:40+00:00\",\"dateModified\":\"2026-09-01T17:06:53+00:00\",\"breadcrumb\":{\"@id\":\"https:\\\/\\\/foodstory.es\\\/sodexo-recortara-plantilla-en-francia\\\/#breadcrumb\"},\"inLanguage\":\"ca\",\"potentialAction\":[{\"@type\":\"ReadAction\",\"target\":[\"https:\\\/\\\/foodstory.es\\\/sodexo-recortara-plantilla-en-francia\\\/\"]}]},{\"@type\":\"ImageObject\",\"inLanguage\":\"ca\",\"@id\":\"https:\\\/\\\/foodstory.es\\\/sodexo-recortara-plantilla-en-francia\\\/#primaryimage\",\"url\":\"https:\\\/\\\/foodstory.es\\\/wp-content\\\/uploads\\\/2024\\\/04\\\/Unknown-sodexho.jpeg\",\"contentUrl\":\"https:\\\/\\\/foodstory.es\\\/wp-content\\\/uploads\\\/2024\\\/04\\\/Unknown-sodexho.jpeg\",\"width\":311,\"height\":162},{\"@type\":\"BreadcrumbList\",\"@id\":\"https:\\\/\\\/foodstory.es\\\/sodexo-recortara-plantilla-en-francia\\\/#breadcrumb\",\"itemListElement\":[{\"@type\":\"ListItem\",\"position\":1,\"name\":\"Portada\",\"item\":\"https:\\\/\\\/foodstory.es\\\/\"},{\"@type\":\"ListItem\",\"position\":2,\"name\":\"SODEXO recortar\u00e1 plantilla en Francia\"}]},{\"@type\":\"WebSite\",\"@id\":\"https:\\\/\\\/foodstory.es\\\/#website\",\"url\":\"https:\\\/\\\/foodstory.es\\\/\",\"name\":\"Food Story\",\"description\":\"Visionando el futuro sin olvidar el pasado\",\"publisher\":{\"@id\":\"https:\\\/\\\/foodstory.es\\\/#organization\"},\"potentialAction\":[{\"@type\":\"SearchAction\",\"target\":{\"@type\":\"EntryPoint\",\"urlTemplate\":\"https:\\\/\\\/foodstory.es\\\/?s={search_term_string}\"},\"query-input\":{\"@type\":\"PropertyValueSpecification\",\"valueRequired\":true,\"valueName\":\"search_term_string\"}}],\"inLanguage\":\"ca\"},{\"@type\":\"Organization\",\"@id\":\"https:\\\/\\\/foodstory.es\\\/#organization\",\"name\":\"Food Story\",\"url\":\"https:\\\/\\\/foodstory.es\\\/\",\"logo\":{\"@type\":\"ImageObject\",\"inLanguage\":\"ca\",\"@id\":\"https:\\\/\\\/foodstory.es\\\/#\\\/schema\\\/logo\\\/image\\\/\",\"url\":\"https:\\\/\\\/foodstory.es\\\/wp-content\\\/uploads\\\/2024\\\/01\\\/LOGO-Food-Story.png\",\"contentUrl\":\"https:\\\/\\\/foodstory.es\\\/wp-content\\\/uploads\\\/2024\\\/01\\\/LOGO-Food-Story.png\",\"width\":800,\"height\":800,\"caption\":\"Food Story\"},\"image\":{\"@id\":\"https:\\\/\\\/foodstory.es\\\/#\\\/schema\\\/logo\\\/image\\\/\"}},{\"@type\":\"Person\",\"@id\":\"https:\\\/\\\/foodstory.es\\\/#\\\/schema\\\/person\\\/9f90bee5e60ba1bf8d3f286132644e1e\",\"name\":\"eloi\",\"sameAs\":[\"http:\\\/\\\/foodstory.es\"],\"url\":\"https:\\\/\\\/foodstory.es\\\/ca\\\/author\\\/eloi\\\/\"}]}<\/script>\n<!-- \/ Yoast SEO plugin. -->","yoast_head_json":{"title":"SODEXO recortar\u00e1 plantilla en Francia - Food Story","robots":{"index":"index","follow":"follow","max-snippet":"max-snippet:-1","max-image-preview":"max-image-preview:large","max-video-preview":"max-video-preview:-1"},"canonical":"https:\/\/foodstory.es\/ca\/sodexo-recortara-plantilla-en-francia\/","og_locale":"ca_ES","og_type":"article","og_title":"SODEXO recortar\u00e1 plantilla en Francia - Food Story","og_description":"A finales de agosto 2026,&nbsp;Sodexo&nbsp;ha anunciado &nbsp;un gran plan de transformaci\u00f3n&nbsp;\u00abdise\u00f1ado para acelerar su crecimiento, fortalecer de forma sostenible su competitividad y consolidar su posici\u00f3n de liderazgo en sus mercados\u00bb,&nbsp;explica la empresa &nbsp;en un comunicado de prensa. Esto se refleja en una...","og_url":"https:\/\/foodstory.es\/ca\/sodexo-recortara-plantilla-en-francia\/","og_site_name":"Food Story","article_published_time":"2026-09-01T17:06:40+00:00","article_modified_time":"2026-09-01T17:06:53+00:00","og_image":[{"width":311,"height":162,"url":"https:\/\/foodstory.es\/wp-content\/uploads\/2024\/04\/Unknown-sodexho.jpeg","type":"image\/jpeg"}],"author":"eloi","twitter_card":"summary_large_image","twitter_misc":{"Escrit per":"eloi","Temps estimat de lectura":"2 minuts"},"schema":{"@context":"https:\/\/schema.org","@graph":[{"@type":"Article","@id":"https:\/\/foodstory.es\/sodexo-recortara-plantilla-en-francia\/#article","isPartOf":{"@id":"https:\/\/foodstory.es\/sodexo-recortara-plantilla-en-francia\/"},"author":{"name":"eloi","@id":"https:\/\/foodstory.es\/#\/schema\/person\/9f90bee5e60ba1bf8d3f286132644e1e"},"headline":"SODEXO recortar\u00e1 plantilla en Francia","datePublished":"2026-09-01T17:06:40+00:00","dateModified":"2026-09-01T17:06:53+00:00","mainEntityOfPage":{"@id":"https:\/\/foodstory.es\/sodexo-recortara-plantilla-en-francia\/"},"wordCount":306,"publisher":{"@id":"https:\/\/foodstory.es\/#organization"},"image":{"@id":"https:\/\/foodstory.es\/sodexo-recortara-plantilla-en-francia\/#primaryimage"},"thumbnailUrl":"https:\/\/foodstory.es\/wp-content\/uploads\/2024\/04\/Unknown-sodexho.jpeg","articleSection":["ACTUALIDAD","RESTAURACI\u00d3N COLECTIVA"],"inLanguage":"ca"},{"@type":"WebPage","@id":"https:\/\/foodstory.es\/sodexo-recortara-plantilla-en-francia\/","url":"https:\/\/foodstory.es\/sodexo-recortara-plantilla-en-francia\/","name":"SODEXO recortar\u00e1 plantilla en Francia - Food Story","isPartOf":{"@id":"https:\/\/foodstory.es\/#website"},"primaryImageOfPage":{"@id":"https:\/\/foodstory.es\/sodexo-recortara-plantilla-en-francia\/#primaryimage"},"image":{"@id":"https:\/\/foodstory.es\/sodexo-recortara-plantilla-en-francia\/#primaryimage"},"thumbnailUrl":"https:\/\/foodstory.es\/wp-content\/uploads\/2024\/04\/Unknown-sodexho.jpeg","datePublished":"2026-09-01T17:06:40+00:00","dateModified":"2026-09-01T17:06:53+00:00","breadcrumb":{"@id":"https:\/\/foodstory.es\/sodexo-recortara-plantilla-en-francia\/#breadcrumb"},"inLanguage":"ca","potentialAction":[{"@type":"ReadAction","target":["https:\/\/foodstory.es\/sodexo-recortara-plantilla-en-francia\/"]}]},{"@type":"ImageObject","inLanguage":"ca","@id":"https:\/\/foodstory.es\/sodexo-recortara-plantilla-en-francia\/#primaryimage","url":"https:\/\/foodstory.es\/wp-content\/uploads\/2024\/04\/Unknown-sodexho.jpeg","contentUrl":"https:\/\/foodstory.es\/wp-content\/uploads\/2024\/04\/Unknown-sodexho.jpeg","width":311,"height":162},{"@type":"BreadcrumbList","@id":"https:\/\/foodstory.es\/sodexo-recortara-plantilla-en-francia\/#breadcrumb","itemListElement":[{"@type":"ListItem","position":1,"name":"Portada","item":"https:\/\/foodstory.es\/"},{"@type":"ListItem","position":2,"name":"SODEXO recortar\u00e1 plantilla en Francia"}]},{"@type":"WebSite","@id":"https:\/\/foodstory.es\/#website","url":"https:\/\/foodstory.es\/","name":"Food Story","description":"Visionant el futur sense oblidar el passat","publisher":{"@id":"https:\/\/foodstory.es\/#organization"},"potentialAction":[{"@type":"SearchAction","target":{"@type":"EntryPoint","urlTemplate":"https:\/\/foodstory.es\/?s={search_term_string}"},"query-input":{"@type":"PropertyValueSpecification","valueRequired":true,"valueName":"search_term_string"}}],"inLanguage":"ca"},{"@type":"Organization","@id":"https:\/\/foodstory.es\/#organization","name":"Food Story","url":"https:\/\/foodstory.es\/","logo":{"@type":"ImageObject","inLanguage":"ca","@id":"https:\/\/foodstory.es\/#\/schema\/logo\/image\/","url":"https:\/\/foodstory.es\/wp-content\/uploads\/2024\/01\/LOGO-Food-Story.png","contentUrl":"https:\/\/foodstory.es\/wp-content\/uploads\/2024\/01\/LOGO-Food-Story.png","width":800,"height":800,"caption":"Food Story"},"image":{"@id":"https:\/\/foodstory.es\/#\/schema\/logo\/image\/"}},{"@type":"Person","@id":"https:\/\/foodstory.es\/#\/schema\/person\/9f90bee5e60ba1bf8d3f286132644e1e","name":"eloi","sameAs":["http:\/\/foodstory.es"],"url":"https:\/\/foodstory.es\/ca\/author\/eloi\/"}]}},"taxonomy_info":{"category":[{"value":1,"label":"ACTUALIDAD"},{"value":8,"label":"RESTAURACI\u00d3N COLECTIVA"}]},"featured_image_src_large":["https:\/\/foodstory.es\/wp-content\/uploads\/2024\/04\/Unknown-sodexho.jpeg",311,162,false],"author_info":{"display_name":"eloi","author_link":"https:\/\/foodstory.es\/ca\/author\/eloi\/"},"comment_info":0,"category_info":[{"term_id":1,"name":"ACTUALIDAD","slug":"actualidad","term_group":0,"term_taxonomy_id":1,"taxonomy":"category","description":"","parent":0,"count":142,"filter":"raw","term_order":"0","cat_ID":1,"category_count":142,"category_description":"","cat_name":"ACTUALIDAD","category_nicename":"actualidad","category_parent":0},{"term_id":8,"name":"RESTAURACI\u00d3N COLECTIVA","slug":"restauracion-colectiva","term_group":0,"term_taxonomy_id":8,"taxonomy":"category","description":"","parent":0,"count":54,"filter":"raw","term_order":"0","cat_ID":8,"category_count":54,"category_description":"","cat_name":"RESTAURACI\u00d3N COLECTIVA","category_nicename":"restauracion-colectiva","category_parent":0}],"tag_info":false,"_links":{"self":[{"href":"https:\/\/foodstory.es\/ca\/wp-json\/wp\/v2\/posts\/3402","targetHints":{"allow":["GET"]}}],"collection":[{"href":"https:\/\/foodstory.es\/ca\/wp-json\/wp\/v2\/posts"}],"about":[{"href":"https:\/\/foodstory.es\/ca\/wp-json\/wp\/v2\/types\/post"}],"author":[{"embeddable":true,"href":"https:\/\/foodstory.es\/ca\/wp-json\/wp\/v2\/users\/1"}],"replies":[{"embeddable":true,"href":"https:\/\/foodstory.es\/ca\/wp-json\/wp\/v2\/comments?post=3402"}],"version-history":[{"count":1,"href":"https:\/\/foodstory.es\/ca\/wp-json\/wp\/v2\/posts\/3402\/revisions"}],"predecessor-version":[{"id":3407,"href":"https:\/\/foodstory.es\/ca\/wp-json\/wp\/v2\/posts\/3402\/revisions\/3407"}],"wp:featuredmedia":[{"embeddable":true,"href":"https:\/\/foodstory.es\/ca\/wp-json\/wp\/v2\/media\/1576"}],"wp:attachment":[{"href":"https:\/\/foodstory.es\/ca\/wp-json\/wp\/v2\/media?parent=3402"}],"wp:term":[{"taxonomy":"category","embeddable":true,"href":"https:\/\/foodstory.es\/ca\/wp-json\/wp\/v2\/categories?post=3402"},{"taxonomy":"post_tag","embeddable":true,"href":"https:\/\/foodstory.es\/ca\/wp-json\/wp\/v2\/tags?post=3402"}],"curies":[{"name":"wp","href":"https:\/\/api.w.org\/{rel}","templated":true}]}}