{"id":3400,"date":"2026-09-01T18:52:30","date_gmt":"2026-09-01T16:52:30","guid":{"rendered":"https:\/\/foodstory.es\/?p=3400"},"modified":"2026-09-01T18:52:36","modified_gmt":"2026-09-01T16:52:36","slug":"ines-lima-mcdonalds-speaker-en-la-efss-de-2026-en-madrid","status":"publish","type":"post","link":"https:\/\/foodstory.es\/ca\/ines-lima-mcdonalds-speaker-en-la-efss-de-2026-en-madrid\/","title":{"rendered":"In\u00eas Lima( McDonald&#8217;s) speaker en la EFSS de 2026 en Madrid"},"content":{"rendered":"<p class=\"wp-block-paragraph\"><\/p>\n\n\n\n<p class=\"wp-block-paragraph\"><strong>En la &nbsp;Summit 26 de Madrid &nbsp;, In\u00eas Lima disertar\u00e1 &nbsp;sobre c\u00f3mo McDonald&#8217;s gestiona el crecimiento, la eficiencia y la complejidad a escala global.<\/strong><\/p>\n\n\n\n<p class=\"wp-block-paragraph\"><a href=\"http:\/\/www.efss.live\/\" target=\"_blank\" rel=\"noopener\"><\/a>&nbsp;\u00bfC\u00f3mo se puede asegurar el crecimiento, el rendimiento operativo y la innovaci\u00f3n al mismo tiempo en uno de los sistemas de catering m\u00e1s grandes del mundo?<\/p>\n\n\n\n<p class=\"wp-block-paragraph\"><br>In\u00eas Lima, directora general de McDonald&#8217;s Espa\u00f1a, abordar\u00e1 esta cuesti\u00f3n en la European &nbsp;Foodservice &nbsp;Summit &nbsp;en Madrid (15-17 de septiembre de 2026).segun informan desde la organizaci\u00f3n del evento<\/p>\n\n\n\n<p class=\"wp-block-paragraph\"><br>Lima es &nbsp;responsable de uno de los mercados europeos m\u00e1s importantes de la empresa y, al mismo tiempo, aporta experiencia internacional de diversas funciones. Antes de su puesto actual, lider\u00f3 el negocio de McDonald&#8217;s en Portugal y fue responsable de la estrategia de marketing en doce mercados en un puesto europeo. Sus puestos en EDP, as\u00ed como en Mars, Mondelez y Reckitt, complementan su experiencia en gesti\u00f3n de marca, estrategia de clientes y gesti\u00f3n corporativa operativa.<\/p>\n\n\n\n<p class=\"wp-block-paragraph\">En su sesi\u00f3n, In\u00eas Lima muestra c\u00f3mo se toman las decisiones en un sistema global bajo condiciones reales de mercado y c\u00f3mo implementarlas en la pr\u00e1ctica. El foco est\u00e1 en cuestiones que actualmente son centrales para muchas empresas de servicios de restauraci\u00f3n:<\/p>\n\n\n\n<ul class=\"wp-block-list\">\n<li>\u00bfC\u00f3mo est\u00e1 reaccionando McDonald&#8217;s al cambio en el comportamiento del consumidor?<\/li>\n\n\n\n<li>\u00bfC\u00f3mo se puede lograr el equilibrio entre crecimiento, posicionamiento precio-rendimiento y eficiencia?<\/li>\n\n\n\n<li>\u00bfC\u00f3mo se toman las decisiones cuando los m\u00e1rgenes, la frecuencia y la complejidad operativa est\u00e1n bajo presi\u00f3n al mismo tiempo?<\/li>\n\n\n\n<li>\u00bfC\u00f3mo se implementa la estrategia de manera que funcione de forma coherente y a gran escala en todo el sistema?<\/li>\n<\/ul>\n\n\n\n<p class=\"wp-block-paragraph\">La sesi\u00f3n combina un discurso principal con una conversaci\u00f3n con Walter Seib, CEO de Avolta de Europa del Norte, Central y Este (CH), y ofrece una visi\u00f3n sobre la l\u00f3gica de toma de decisiones de un l\u00edder internacional del mercado.<\/p>\n\n\n\n<p class=\"wp-block-paragraph\">SUMMIT : Cumbre Europea de Servicios de Alimentaci\u00f3n 2026<\/p>\n\n\n\n<p class=\"wp-block-paragraph\">15\u201317 de septiembre de 2026<br>Real F\u00e1brica de Tapices, Madrid<br>\u2022 300+ responsables de m\u00e1s de 25 pa\u00edses<br>\u2022 Enfoque en temas estrat\u00e9gicos en servicios<br>internacionales de restauraci\u00f3n\u2022 Ponencias principales, debates, mesas redondas y&nbsp; networking<\/p>\n\n\n\n<p class=\"wp-block-paragraph\">Mas info en <a href=\"http:\/\/www.efss.live\/\" target=\"_blank\" rel=\"noopener\"><strong>www.efss.live<\/strong><\/a>&nbsp;de<\/p>\n\n\n\n<p class=\"wp-block-paragraph\">Adem\u00e1s de In\u00eas Lima, los ponentes incluyen:<\/p>\n\n\n\n<ul class=\"wp-block-list\">\n<li><strong>Marcos Casarin, Oxford Economics (Reino Unido)<\/strong>\u00a0\u2014 Perspectivas macro: perspectivas econ\u00f3micas globales para la hosteler\u00eda<\/li>\n\n\n\n<li><strong>Edurne Uranga, Circana (ES)<\/strong>\u00a0\u2014 De la Generaci\u00f3n Alfa a los Silver Spenders: Descifrando el C\u00f3digo de Comportamiento Gastron\u00f3mico de Europa<\/li>\n\n\n\n<li><strong>James Brown, Prezzo (Reino Unido) \u2014 Reconstruyendo<\/strong>\u00a0el \u00e9xito: el camino de recuperaci\u00f3n de Prezzo<\/li>\n\n\n\n<li><strong>Radu Savopol, quedan 5 (RO)<\/strong>\u00a0\u2014 Escalando s\u00faper r\u00e1pido y sin miedo<\/li>\n\n\n\n<li><strong>Dr. Theo Ackbarow (DE)<\/strong>\u00a0\u2014 Del caos al control: IA, datos y construcci\u00f3n de agentes en vivo<\/li>\n\n\n\n<li><strong>Dr. Marc Schumacher (DE)<\/strong>\u00a0\u2014 \u00bfQu\u00e9 es verdad cuando todo parece real?<\/li>\n\n\n\n<li><strong>Steve Tatham (EE.UU.)<\/strong>\u00a0\u2014 Quiero lo que ellos est\u00e1n tomando: Aportar la magia de los parques tem\u00e1ticos a la mesa<\/li>\n\n\n\n<li><strong>Chad W. Mueller, Alshaya Group (EAU)<\/strong>\u00a0\u2014 Navegando los desaf\u00edos geopol\u00edticos en la hospitalidad de Oriente Medio<\/li>\n<\/ul>","protected":false},"excerpt":{"rendered":"<p>En la &nbsp;Summit 26 de Madrid &nbsp;, In\u00eas Lima disertar\u00e1 &nbsp;sobre c\u00f3mo McDonald&#8217;s gestiona el crecimiento, la eficiencia y la complejidad a escala global. &nbsp;\u00bfC\u00f3mo se puede asegurar el crecimiento, el rendimiento operativo y la innovaci\u00f3n al mismo tiempo en uno de&#8230;<\/p>","protected":false},"author":1,"featured_media":3059,"comment_status":"closed","ping_status":"closed","sticky":false,"template":"","format":"standard","meta":{"_kad_blocks_custom_css":"","_kad_blocks_head_custom_js":"","_kad_blocks_body_custom_js":"","_kad_blocks_footer_custom_js":"","_kadence_starter_templates_imported_post":false,"_kad_post_transparent":"","_kad_post_title":"","_kad_post_layout":"","_kad_post_sidebar_id":"","_kad_post_content_style":"","_kad_post_vertical_padding":"","_kad_post_feature":"","_kad_post_feature_position":"","_kad_post_header":false,"_kad_post_footer":false,"_kad_post_classname":"","footnotes":""},"categories":[12],"tags":[],"class_list":["post-3400","post","type-post","status-publish","format-standard","has-post-thumbnail","hentry","category-eventos"],"yoast_head":"<!-- This site is optimized with the Yoast SEO plugin v28.4 - https:\/\/yoast.com\/product\/yoast-seo-wordpress\/ -->\n<title>In\u00eas Lima( McDonald&#039;s) speaker en la EFSS de 2026 en Madrid - Food Story<\/title>\n<meta name=\"robots\" content=\"index, follow, max-snippet:-1, max-image-preview:large, max-video-preview:-1\" \/>\n<link rel=\"canonical\" href=\"https:\/\/foodstory.es\/ca\/ines-lima-mcdonalds-speaker-en-la-efss-de-2026-en-madrid\/\" \/>\n<meta property=\"og:locale\" content=\"ca_ES\" \/>\n<meta property=\"og:type\" content=\"article\" \/>\n<meta property=\"og:title\" content=\"In\u00eas Lima( McDonald&#039;s) speaker en la EFSS de 2026 en Madrid - Food Story\" \/>\n<meta property=\"og:description\" content=\"En la &nbsp;Summit 26 de Madrid &nbsp;, In\u00eas Lima disertar\u00e1 &nbsp;sobre c\u00f3mo McDonald&#8217;s gestiona el crecimiento, la eficiencia y la complejidad a escala global. &nbsp;\u00bfC\u00f3mo se puede asegurar el crecimiento, el rendimiento operativo y la innovaci\u00f3n al mismo tiempo en uno de...\" \/>\n<meta property=\"og:url\" content=\"https:\/\/foodstory.es\/ca\/ines-lima-mcdonalds-speaker-en-la-efss-de-2026-en-madrid\/\" \/>\n<meta property=\"og:site_name\" content=\"Food Story\" \/>\n<meta property=\"article:published_time\" content=\"2026-09-01T16:52:30+00:00\" \/>\n<meta property=\"article:modified_time\" content=\"2026-09-01T16:52:36+00:00\" \/>\n<meta property=\"og:image\" content=\"https:\/\/foodstory.es\/wp-content\/uploads\/2026\/03\/efssummit_logo.jpeg\" \/>\n\t<meta property=\"og:image:width\" content=\"100\" \/>\n\t<meta property=\"og:image:height\" content=\"100\" \/>\n\t<meta property=\"og:image:type\" content=\"image\/jpeg\" \/>\n<meta name=\"author\" content=\"eloi\" \/>\n<meta name=\"twitter:card\" content=\"summary_large_image\" \/>\n<meta name=\"twitter:label1\" content=\"Escrit per\" \/>\n\t<meta name=\"twitter:data1\" content=\"eloi\" \/>\n\t<meta name=\"twitter:label2\" content=\"Temps estimat de lectura\" \/>\n\t<meta name=\"twitter:data2\" content=\"3 minuts\" \/>\n<script type=\"application\/ld+json\" class=\"yoast-schema-graph\">{\"@context\":\"https:\\\/\\\/schema.org\",\"@graph\":[{\"@type\":\"Article\",\"@id\":\"https:\\\/\\\/foodstory.es\\\/ines-lima-mcdonalds-speaker-en-la-efss-de-2026-en-madrid\\\/#article\",\"isPartOf\":{\"@id\":\"https:\\\/\\\/foodstory.es\\\/ines-lima-mcdonalds-speaker-en-la-efss-de-2026-en-madrid\\\/\"},\"author\":{\"name\":\"eloi\",\"@id\":\"https:\\\/\\\/foodstory.es\\\/#\\\/schema\\\/person\\\/9f90bee5e60ba1bf8d3f286132644e1e\"},\"headline\":\"In\u00eas Lima( McDonald&#8217;s) speaker en la EFSS de 2026 en Madrid\",\"datePublished\":\"2026-09-01T16:52:30+00:00\",\"dateModified\":\"2026-09-01T16:52:36+00:00\",\"mainEntityOfPage\":{\"@id\":\"https:\\\/\\\/foodstory.es\\\/ines-lima-mcdonalds-speaker-en-la-efss-de-2026-en-madrid\\\/\"},\"wordCount\":544,\"publisher\":{\"@id\":\"https:\\\/\\\/foodstory.es\\\/#organization\"},\"image\":{\"@id\":\"https:\\\/\\\/foodstory.es\\\/ines-lima-mcdonalds-speaker-en-la-efss-de-2026-en-madrid\\\/#primaryimage\"},\"thumbnailUrl\":\"https:\\\/\\\/foodstory.es\\\/wp-content\\\/uploads\\\/2026\\\/03\\\/efssummit_logo.jpeg\",\"articleSection\":[\"EVENTOS\"],\"inLanguage\":\"ca\"},{\"@type\":\"WebPage\",\"@id\":\"https:\\\/\\\/foodstory.es\\\/ines-lima-mcdonalds-speaker-en-la-efss-de-2026-en-madrid\\\/\",\"url\":\"https:\\\/\\\/foodstory.es\\\/ines-lima-mcdonalds-speaker-en-la-efss-de-2026-en-madrid\\\/\",\"name\":\"In\u00eas Lima( McDonald's) speaker en la EFSS de 2026 en Madrid - Food Story\",\"isPartOf\":{\"@id\":\"https:\\\/\\\/foodstory.es\\\/#website\"},\"primaryImageOfPage\":{\"@id\":\"https:\\\/\\\/foodstory.es\\\/ines-lima-mcdonalds-speaker-en-la-efss-de-2026-en-madrid\\\/#primaryimage\"},\"image\":{\"@id\":\"https:\\\/\\\/foodstory.es\\\/ines-lima-mcdonalds-speaker-en-la-efss-de-2026-en-madrid\\\/#primaryimage\"},\"thumbnailUrl\":\"https:\\\/\\\/foodstory.es\\\/wp-content\\\/uploads\\\/2026\\\/03\\\/efssummit_logo.jpeg\",\"datePublished\":\"2026-09-01T16:52:30+00:00\",\"dateModified\":\"2026-09-01T16:52:36+00:00\",\"breadcrumb\":{\"@id\":\"https:\\\/\\\/foodstory.es\\\/ines-lima-mcdonalds-speaker-en-la-efss-de-2026-en-madrid\\\/#breadcrumb\"},\"inLanguage\":\"ca\",\"potentialAction\":[{\"@type\":\"ReadAction\",\"target\":[\"https:\\\/\\\/foodstory.es\\\/ines-lima-mcdonalds-speaker-en-la-efss-de-2026-en-madrid\\\/\"]}]},{\"@type\":\"ImageObject\",\"inLanguage\":\"ca\",\"@id\":\"https:\\\/\\\/foodstory.es\\\/ines-lima-mcdonalds-speaker-en-la-efss-de-2026-en-madrid\\\/#primaryimage\",\"url\":\"https:\\\/\\\/foodstory.es\\\/wp-content\\\/uploads\\\/2026\\\/03\\\/efssummit_logo.jpeg\",\"contentUrl\":\"https:\\\/\\\/foodstory.es\\\/wp-content\\\/uploads\\\/2026\\\/03\\\/efssummit_logo.jpeg\",\"width\":100,\"height\":100},{\"@type\":\"BreadcrumbList\",\"@id\":\"https:\\\/\\\/foodstory.es\\\/ines-lima-mcdonalds-speaker-en-la-efss-de-2026-en-madrid\\\/#breadcrumb\",\"itemListElement\":[{\"@type\":\"ListItem\",\"position\":1,\"name\":\"Portada\",\"item\":\"https:\\\/\\\/foodstory.es\\\/\"},{\"@type\":\"ListItem\",\"position\":2,\"name\":\"In\u00eas Lima( McDonald&#8217;s) speaker en la EFSS de 2026 en Madrid\"}]},{\"@type\":\"WebSite\",\"@id\":\"https:\\\/\\\/foodstory.es\\\/#website\",\"url\":\"https:\\\/\\\/foodstory.es\\\/\",\"name\":\"Food Story\",\"description\":\"Visionando el futuro sin olvidar el pasado\",\"publisher\":{\"@id\":\"https:\\\/\\\/foodstory.es\\\/#organization\"},\"potentialAction\":[{\"@type\":\"SearchAction\",\"target\":{\"@type\":\"EntryPoint\",\"urlTemplate\":\"https:\\\/\\\/foodstory.es\\\/?s={search_term_string}\"},\"query-input\":{\"@type\":\"PropertyValueSpecification\",\"valueRequired\":true,\"valueName\":\"search_term_string\"}}],\"inLanguage\":\"ca\"},{\"@type\":\"Organization\",\"@id\":\"https:\\\/\\\/foodstory.es\\\/#organization\",\"name\":\"Food Story\",\"url\":\"https:\\\/\\\/foodstory.es\\\/\",\"logo\":{\"@type\":\"ImageObject\",\"inLanguage\":\"ca\",\"@id\":\"https:\\\/\\\/foodstory.es\\\/#\\\/schema\\\/logo\\\/image\\\/\",\"url\":\"https:\\\/\\\/foodstory.es\\\/wp-content\\\/uploads\\\/2024\\\/01\\\/LOGO-Food-Story.png\",\"contentUrl\":\"https:\\\/\\\/foodstory.es\\\/wp-content\\\/uploads\\\/2024\\\/01\\\/LOGO-Food-Story.png\",\"width\":800,\"height\":800,\"caption\":\"Food Story\"},\"image\":{\"@id\":\"https:\\\/\\\/foodstory.es\\\/#\\\/schema\\\/logo\\\/image\\\/\"}},{\"@type\":\"Person\",\"@id\":\"https:\\\/\\\/foodstory.es\\\/#\\\/schema\\\/person\\\/9f90bee5e60ba1bf8d3f286132644e1e\",\"name\":\"eloi\",\"sameAs\":[\"http:\\\/\\\/foodstory.es\"],\"url\":\"https:\\\/\\\/foodstory.es\\\/ca\\\/author\\\/eloi\\\/\"}]}<\/script>\n<!-- \/ Yoast SEO plugin. -->","yoast_head_json":{"title":"In\u00eas Lima( McDonald's) speaker en la EFSS de 2026 en Madrid - Food Story","robots":{"index":"index","follow":"follow","max-snippet":"max-snippet:-1","max-image-preview":"max-image-preview:large","max-video-preview":"max-video-preview:-1"},"canonical":"https:\/\/foodstory.es\/ca\/ines-lima-mcdonalds-speaker-en-la-efss-de-2026-en-madrid\/","og_locale":"ca_ES","og_type":"article","og_title":"In\u00eas Lima( McDonald's) speaker en la EFSS de 2026 en Madrid - Food Story","og_description":"En la &nbsp;Summit 26 de Madrid &nbsp;, In\u00eas Lima disertar\u00e1 &nbsp;sobre c\u00f3mo McDonald&#8217;s gestiona el crecimiento, la eficiencia y la complejidad a escala global. &nbsp;\u00bfC\u00f3mo se puede asegurar el crecimiento, el rendimiento operativo y la innovaci\u00f3n al mismo tiempo en uno de...","og_url":"https:\/\/foodstory.es\/ca\/ines-lima-mcdonalds-speaker-en-la-efss-de-2026-en-madrid\/","og_site_name":"Food Story","article_published_time":"2026-09-01T16:52:30+00:00","article_modified_time":"2026-09-01T16:52:36+00:00","og_image":[{"width":100,"height":100,"url":"https:\/\/foodstory.es\/wp-content\/uploads\/2026\/03\/efssummit_logo.jpeg","type":"image\/jpeg"}],"author":"eloi","twitter_card":"summary_large_image","twitter_misc":{"Escrit per":"eloi","Temps estimat de lectura":"3 minuts"},"schema":{"@context":"https:\/\/schema.org","@graph":[{"@type":"Article","@id":"https:\/\/foodstory.es\/ines-lima-mcdonalds-speaker-en-la-efss-de-2026-en-madrid\/#article","isPartOf":{"@id":"https:\/\/foodstory.es\/ines-lima-mcdonalds-speaker-en-la-efss-de-2026-en-madrid\/"},"author":{"name":"eloi","@id":"https:\/\/foodstory.es\/#\/schema\/person\/9f90bee5e60ba1bf8d3f286132644e1e"},"headline":"In\u00eas Lima( McDonald&#8217;s) speaker en la EFSS de 2026 en Madrid","datePublished":"2026-09-01T16:52:30+00:00","dateModified":"2026-09-01T16:52:36+00:00","mainEntityOfPage":{"@id":"https:\/\/foodstory.es\/ines-lima-mcdonalds-speaker-en-la-efss-de-2026-en-madrid\/"},"wordCount":544,"publisher":{"@id":"https:\/\/foodstory.es\/#organization"},"image":{"@id":"https:\/\/foodstory.es\/ines-lima-mcdonalds-speaker-en-la-efss-de-2026-en-madrid\/#primaryimage"},"thumbnailUrl":"https:\/\/foodstory.es\/wp-content\/uploads\/2026\/03\/efssummit_logo.jpeg","articleSection":["EVENTOS"],"inLanguage":"ca"},{"@type":"WebPage","@id":"https:\/\/foodstory.es\/ines-lima-mcdonalds-speaker-en-la-efss-de-2026-en-madrid\/","url":"https:\/\/foodstory.es\/ines-lima-mcdonalds-speaker-en-la-efss-de-2026-en-madrid\/","name":"In\u00eas Lima( McDonald's) speaker en la EFSS de 2026 en Madrid - Food Story","isPartOf":{"@id":"https:\/\/foodstory.es\/#website"},"primaryImageOfPage":{"@id":"https:\/\/foodstory.es\/ines-lima-mcdonalds-speaker-en-la-efss-de-2026-en-madrid\/#primaryimage"},"image":{"@id":"https:\/\/foodstory.es\/ines-lima-mcdonalds-speaker-en-la-efss-de-2026-en-madrid\/#primaryimage"},"thumbnailUrl":"https:\/\/foodstory.es\/wp-content\/uploads\/2026\/03\/efssummit_logo.jpeg","datePublished":"2026-09-01T16:52:30+00:00","dateModified":"2026-09-01T16:52:36+00:00","breadcrumb":{"@id":"https:\/\/foodstory.es\/ines-lima-mcdonalds-speaker-en-la-efss-de-2026-en-madrid\/#breadcrumb"},"inLanguage":"ca","potentialAction":[{"@type":"ReadAction","target":["https:\/\/foodstory.es\/ines-lima-mcdonalds-speaker-en-la-efss-de-2026-en-madrid\/"]}]},{"@type":"ImageObject","inLanguage":"ca","@id":"https:\/\/foodstory.es\/ines-lima-mcdonalds-speaker-en-la-efss-de-2026-en-madrid\/#primaryimage","url":"https:\/\/foodstory.es\/wp-content\/uploads\/2026\/03\/efssummit_logo.jpeg","contentUrl":"https:\/\/foodstory.es\/wp-content\/uploads\/2026\/03\/efssummit_logo.jpeg","width":100,"height":100},{"@type":"BreadcrumbList","@id":"https:\/\/foodstory.es\/ines-lima-mcdonalds-speaker-en-la-efss-de-2026-en-madrid\/#breadcrumb","itemListElement":[{"@type":"ListItem","position":1,"name":"Portada","item":"https:\/\/foodstory.es\/"},{"@type":"ListItem","position":2,"name":"In\u00eas Lima( McDonald&#8217;s) speaker en la EFSS de 2026 en Madrid"}]},{"@type":"WebSite","@id":"https:\/\/foodstory.es\/#website","url":"https:\/\/foodstory.es\/","name":"Food Story","description":"Visionant el futur sense oblidar el passat","publisher":{"@id":"https:\/\/foodstory.es\/#organization"},"potentialAction":[{"@type":"SearchAction","target":{"@type":"EntryPoint","urlTemplate":"https:\/\/foodstory.es\/?s={search_term_string}"},"query-input":{"@type":"PropertyValueSpecification","valueRequired":true,"valueName":"search_term_string"}}],"inLanguage":"ca"},{"@type":"Organization","@id":"https:\/\/foodstory.es\/#organization","name":"Food Story","url":"https:\/\/foodstory.es\/","logo":{"@type":"ImageObject","inLanguage":"ca","@id":"https:\/\/foodstory.es\/#\/schema\/logo\/image\/","url":"https:\/\/foodstory.es\/wp-content\/uploads\/2024\/01\/LOGO-Food-Story.png","contentUrl":"https:\/\/foodstory.es\/wp-content\/uploads\/2024\/01\/LOGO-Food-Story.png","width":800,"height":800,"caption":"Food Story"},"image":{"@id":"https:\/\/foodstory.es\/#\/schema\/logo\/image\/"}},{"@type":"Person","@id":"https:\/\/foodstory.es\/#\/schema\/person\/9f90bee5e60ba1bf8d3f286132644e1e","name":"eloi","sameAs":["http:\/\/foodstory.es"],"url":"https:\/\/foodstory.es\/ca\/author\/eloi\/"}]}},"taxonomy_info":{"category":[{"value":12,"label":"EVENTOS"}]},"featured_image_src_large":["https:\/\/foodstory.es\/wp-content\/uploads\/2026\/03\/efssummit_logo.jpeg",100,100,false],"author_info":{"display_name":"eloi","author_link":"https:\/\/foodstory.es\/ca\/author\/eloi\/"},"comment_info":0,"category_info":[{"term_id":12,"name":"EVENTOS","slug":"eventos","term_group":0,"term_taxonomy_id":12,"taxonomy":"category","description":"","parent":0,"count":30,"filter":"raw","term_order":"0","cat_ID":12,"category_count":30,"category_description":"","cat_name":"EVENTOS","category_nicename":"eventos","category_parent":0}],"tag_info":false,"_links":{"self":[{"href":"https:\/\/foodstory.es\/ca\/wp-json\/wp\/v2\/posts\/3400","targetHints":{"allow":["GET"]}}],"collection":[{"href":"https:\/\/foodstory.es\/ca\/wp-json\/wp\/v2\/posts"}],"about":[{"href":"https:\/\/foodstory.es\/ca\/wp-json\/wp\/v2\/types\/post"}],"author":[{"embeddable":true,"href":"https:\/\/foodstory.es\/ca\/wp-json\/wp\/v2\/users\/1"}],"replies":[{"embeddable":true,"href":"https:\/\/foodstory.es\/ca\/wp-json\/wp\/v2\/comments?post=3400"}],"version-history":[{"count":1,"href":"https:\/\/foodstory.es\/ca\/wp-json\/wp\/v2\/posts\/3400\/revisions"}],"predecessor-version":[{"id":3401,"href":"https:\/\/foodstory.es\/ca\/wp-json\/wp\/v2\/posts\/3400\/revisions\/3401"}],"wp:featuredmedia":[{"embeddable":true,"href":"https:\/\/foodstory.es\/ca\/wp-json\/wp\/v2\/media\/3059"}],"wp:attachment":[{"href":"https:\/\/foodstory.es\/ca\/wp-json\/wp\/v2\/media?parent=3400"}],"wp:term":[{"taxonomy":"category","embeddable":true,"href":"https:\/\/foodstory.es\/ca\/wp-json\/wp\/v2\/categories?post=3400"},{"taxonomy":"post_tag","embeddable":true,"href":"https:\/\/foodstory.es\/ca\/wp-json\/wp\/v2\/tags?post=3400"}],"curies":[{"name":"wp","href":"https:\/\/api.w.org\/{rel}","templated":true}]}}