{"id":3374,"date":"2026-09-01T18:28:56","date_gmt":"2026-09-01T16:28:56","guid":{"rendered":"https:\/\/foodstory.es\/?p=3374"},"modified":"2026-09-01T18:29:04","modified_gmt":"2026-09-01T16:29:04","slug":"los-coffee-shop-de-la-rumana-5-to-go-se-daran-a-conocer-en-la-summit-26-de-madrid","status":"publish","type":"post","link":"https:\/\/foodstory.es\/ca\/los-coffee-shop-de-la-rumana-5-to-go-se-daran-a-conocer-en-la-summit-26-de-madrid\/","title":{"rendered":"Los coffee-shop de la rumana 5 to go se dar\u00e1n a conocer en la Summit 26 de Madrid"},"content":{"rendered":"<p class=\"wp-block-paragraph\"><\/p>\n\n\n\n<p class=\"wp-block-paragraph\"><strong>Valor, presi\u00f3n, decisi\u00f3n: Radu Savopol, cofundador de la cadena rumana de cafeter\u00edas 5 to go, hablar\u00e1 en el escenario de la Summit 26 de Madrid &nbsp;sobre el crecimiento en un mercado altamente competitivo.<\/strong><\/p>\n\n\n\n<p class=\"wp-block-paragraph\"><strong><em><a href=\"http:\/\/www.efss.live\/\" target=\"_blank\" rel=\"noopener\"><\/a><\/em><\/strong><\/p>\n\n\n\n<p class=\"wp-block-paragraph\">Este directivo , narrar\u00e1 la historia detr\u00e1s de la transformaci\u00f3n de una sola cafeter\u00eda a una de las cadenas de bares de caf\u00e9 de m\u00e1s r\u00e1pido crecimiento en Europa. Nacida en Bucarest en 2015, la marca creci\u00f3 hasta superar las 700 ubicaciones en poco m\u00e1s de una d\u00e9cada.<br><br>Junto con la moderadora Marta Pogroszewska de Bread Holdings (Reino Unido), Savopol arrojar\u00e1 luz sobre los retos de escalar a un ritmo extraordinario: las decisiones audaces, las presiones operativas, los retos para los directivos y la constante reinvenci\u00f3n necesaria para sostener el crecimiento en un mercado altamente competitivo.<strong><em><u><\/u><\/em><\/strong><\/p>\n\n\n\n<p class=\"wp-block-paragraph\">&nbsp;El di\u00e1logo ofrecer\u00e1 una visi\u00f3n honesta de lo que realmente requiere un crecimiento audaz de los fundadores y l\u00edderes de la industria restaurantera hoy en d\u00eda, y profundizar\u00e1 en los siguientes temas:<\/p>\n\n\n\n<ul class=\"wp-block-list\">\n<li>Crecimiento s\u00faper r\u00e1pido sin miedo<\/li>\n\n\n\n<li>de 1 a m\u00e1s de 700 unidades en 11 a\u00f1os<\/li>\n\n\n\n<li>El concepto, la presi\u00f3n, la realidad<\/li>\n<\/ul>\n\n\n\n<p class=\"wp-block-paragraph\">Savopol cuenta con m\u00e1s de 20 a\u00f1os de experiencia en la industria HoReCa. En 2015, cre\u00f3 5 to Go, un concepto basado en un precio fijo, asequible y una experiencia r\u00e1pida y c\u00f3moda para el cliente. Con una visi\u00f3n clara, desarroll\u00f3 una marca s\u00f3lida con unidades en toda Ruman\u00eda y Europa Central y Sudeste, lo que aceler\u00f3 su crecimiento mediante un modelo de franquicia escalable y eficiente.<\/p>\n\n\n\n<p class=\"wp-block-paragraph\">Adem\u00e1s de Radu Savopol, los ponentes en la Cumbre Europea de Servicios de Alimentaci\u00f3n de Madrid incluyen:<\/p>\n\n\n\n<ul class=\"wp-block-list\">\n<li><strong>Marcos Casarin, Oxford Economics (Reino Unido)<\/strong>\u00a0\u2013 Perspectivas macro: perspectivas econ\u00f3micas globales para la hosteler\u00eda<\/li>\n\n\n\n<li><strong>Edurne Uranga, Circana (ES)<\/strong>\u00a0\u2013 De la Generaci\u00f3n Alfa a los Silver Spenders: Descifrando el C\u00f3digo de Comportamiento Gastron\u00f3mico de Europa<\/li>\n\n\n\n<li><strong>Chad W. Mueller, Alshaya Group (EAU)<\/strong>\u00a0\u2013 Navegando los desaf\u00edos geopol\u00edticos en la hospitalidad de Oriente Medio<\/li>\n\n\n\n<li><strong>James Brown, Prezzo (Reino Unido) \u2013 Reconstruyendo<\/strong>\u00a0el \u00e9xito: el recorrido de recuperaci\u00f3n de Prezzo<\/li>\n\n\n\n<li><strong>Dr. Theo Ackbarow (DE)<\/strong>\u00a0\u2013 Del caos al control: IA, Datos y Construcci\u00f3n de Agentes en Vivo<\/li>\n\n\n\n<li><strong>Dr. Marc Schumacher (DE)<\/strong>\u00a0\u2013 \u00bfQu\u00e9 es verdad cuando todo parece real?<\/li>\n\n\n\n<li><strong>Steve Tatham (EE. UU.)<\/strong>\u00a0\u2013 Quiero lo que ellos est\u00e1n comiendo: Trayendo la magia de los parques tem\u00e1ticos a la mesa<\/li>\n\n\n\n<li><strong>In\u00eas Lima, McDonald&#8217;s (E)<\/strong>\u00a0\u2013 Dentro de McDonald&#8217;s: Crecimiento, Ejecuci\u00f3n e Innovaci\u00f3n a Escala Global<\/li>\n<\/ul>\n\n\n\n<ul class=\"wp-block-list\">\n<li>Y ello ser\u00e1n en la<\/li>\n\n\n\n<li>European FoodService Summit \u00a02026<\/li>\n\n\n\n<li>15\u201317 de septiembre de 2026<br>Real F\u00e1brica de Tapices, Madrid<br>\u2022 300+ responsables de m\u00e1s de 25 pa\u00edses<br>\u2022 Mas informaci\u00f3n en <a href=\"http:\/\/www.efss\">www.efss<\/a>.<\/li>\n<\/ul>","protected":false},"excerpt":{"rendered":"<p>Valor, presi\u00f3n, decisi\u00f3n: Radu Savopol, cofundador de la cadena rumana de cafeter\u00edas 5 to go, hablar\u00e1 en el escenario de la Summit 26 de Madrid &nbsp;sobre el crecimiento en un mercado altamente competitivo. Este directivo , narrar\u00e1 la historia detr\u00e1s de la&#8230;<\/p>","protected":false},"author":1,"featured_media":3059,"comment_status":"closed","ping_status":"closed","sticky":false,"template":"","format":"standard","meta":{"_kad_blocks_custom_css":"","_kad_blocks_head_custom_js":"","_kad_blocks_body_custom_js":"","_kad_blocks_footer_custom_js":"","_kadence_starter_templates_imported_post":false,"_kad_post_transparent":"","_kad_post_title":"","_kad_post_layout":"","_kad_post_sidebar_id":"","_kad_post_content_style":"","_kad_post_vertical_padding":"","_kad_post_feature":"","_kad_post_feature_position":"","_kad_post_header":false,"_kad_post_footer":false,"_kad_post_classname":"","footnotes":""},"categories":[1,12],"tags":[],"class_list":["post-3374","post","type-post","status-publish","format-standard","has-post-thumbnail","hentry","category-actualidad","category-eventos"],"yoast_head":"<!-- This site is optimized with the Yoast SEO plugin v28.4 - https:\/\/yoast.com\/product\/yoast-seo-wordpress\/ -->\n<title>Los coffee-shop de la rumana 5 to go se dar\u00e1n a conocer en la Summit 26 de Madrid - Food Story<\/title>\n<meta name=\"robots\" content=\"index, follow, max-snippet:-1, max-image-preview:large, max-video-preview:-1\" \/>\n<link rel=\"canonical\" href=\"https:\/\/foodstory.es\/ca\/los-coffee-shop-de-la-rumana-5-to-go-se-daran-a-conocer-en-la-summit-26-de-madrid\/\" \/>\n<meta property=\"og:locale\" content=\"ca_ES\" \/>\n<meta property=\"og:type\" content=\"article\" \/>\n<meta property=\"og:title\" content=\"Los coffee-shop de la rumana 5 to go se dar\u00e1n a conocer en la Summit 26 de Madrid - Food Story\" \/>\n<meta property=\"og:description\" content=\"Valor, presi\u00f3n, decisi\u00f3n: Radu Savopol, cofundador de la cadena rumana de cafeter\u00edas 5 to go, hablar\u00e1 en el escenario de la Summit 26 de Madrid &nbsp;sobre el crecimiento en un mercado altamente competitivo. Este directivo , narrar\u00e1 la historia detr\u00e1s de la...\" \/>\n<meta property=\"og:url\" content=\"https:\/\/foodstory.es\/ca\/los-coffee-shop-de-la-rumana-5-to-go-se-daran-a-conocer-en-la-summit-26-de-madrid\/\" \/>\n<meta property=\"og:site_name\" content=\"Food Story\" \/>\n<meta property=\"article:published_time\" content=\"2026-09-01T16:28:56+00:00\" \/>\n<meta property=\"article:modified_time\" content=\"2026-09-01T16:29:04+00:00\" \/>\n<meta property=\"og:image\" content=\"https:\/\/foodstory.es\/wp-content\/uploads\/2026\/03\/efssummit_logo.jpeg\" \/>\n\t<meta property=\"og:image:width\" content=\"100\" \/>\n\t<meta property=\"og:image:height\" content=\"100\" \/>\n\t<meta property=\"og:image:type\" content=\"image\/jpeg\" \/>\n<meta name=\"author\" content=\"eloi\" \/>\n<meta name=\"twitter:card\" content=\"summary_large_image\" \/>\n<meta name=\"twitter:label1\" content=\"Escrit per\" \/>\n\t<meta name=\"twitter:data1\" content=\"eloi\" \/>\n\t<meta name=\"twitter:label2\" content=\"Temps estimat de lectura\" \/>\n\t<meta name=\"twitter:data2\" content=\"3 minuts\" \/>\n<script type=\"application\/ld+json\" class=\"yoast-schema-graph\">{\"@context\":\"https:\\\/\\\/schema.org\",\"@graph\":[{\"@type\":\"Article\",\"@id\":\"https:\\\/\\\/foodstory.es\\\/los-coffee-shop-de-la-rumana-5-to-go-se-daran-a-conocer-en-la-summit-26-de-madrid\\\/#article\",\"isPartOf\":{\"@id\":\"https:\\\/\\\/foodstory.es\\\/los-coffee-shop-de-la-rumana-5-to-go-se-daran-a-conocer-en-la-summit-26-de-madrid\\\/\"},\"author\":{\"name\":\"eloi\",\"@id\":\"https:\\\/\\\/foodstory.es\\\/#\\\/schema\\\/person\\\/9f90bee5e60ba1bf8d3f286132644e1e\"},\"headline\":\"Los coffee-shop de la rumana 5 to go se dar\u00e1n a conocer en la Summit 26 de Madrid\",\"datePublished\":\"2026-09-01T16:28:56+00:00\",\"dateModified\":\"2026-09-01T16:29:04+00:00\",\"mainEntityOfPage\":{\"@id\":\"https:\\\/\\\/foodstory.es\\\/los-coffee-shop-de-la-rumana-5-to-go-se-daran-a-conocer-en-la-summit-26-de-madrid\\\/\"},\"wordCount\":475,\"publisher\":{\"@id\":\"https:\\\/\\\/foodstory.es\\\/#organization\"},\"image\":{\"@id\":\"https:\\\/\\\/foodstory.es\\\/los-coffee-shop-de-la-rumana-5-to-go-se-daran-a-conocer-en-la-summit-26-de-madrid\\\/#primaryimage\"},\"thumbnailUrl\":\"https:\\\/\\\/foodstory.es\\\/wp-content\\\/uploads\\\/2026\\\/03\\\/efssummit_logo.jpeg\",\"articleSection\":[\"ACTUALIDAD\",\"EVENTOS\"],\"inLanguage\":\"ca\"},{\"@type\":\"WebPage\",\"@id\":\"https:\\\/\\\/foodstory.es\\\/los-coffee-shop-de-la-rumana-5-to-go-se-daran-a-conocer-en-la-summit-26-de-madrid\\\/\",\"url\":\"https:\\\/\\\/foodstory.es\\\/los-coffee-shop-de-la-rumana-5-to-go-se-daran-a-conocer-en-la-summit-26-de-madrid\\\/\",\"name\":\"Los coffee-shop de la rumana 5 to go se dar\u00e1n a conocer en la Summit 26 de Madrid - Food Story\",\"isPartOf\":{\"@id\":\"https:\\\/\\\/foodstory.es\\\/#website\"},\"primaryImageOfPage\":{\"@id\":\"https:\\\/\\\/foodstory.es\\\/los-coffee-shop-de-la-rumana-5-to-go-se-daran-a-conocer-en-la-summit-26-de-madrid\\\/#primaryimage\"},\"image\":{\"@id\":\"https:\\\/\\\/foodstory.es\\\/los-coffee-shop-de-la-rumana-5-to-go-se-daran-a-conocer-en-la-summit-26-de-madrid\\\/#primaryimage\"},\"thumbnailUrl\":\"https:\\\/\\\/foodstory.es\\\/wp-content\\\/uploads\\\/2026\\\/03\\\/efssummit_logo.jpeg\",\"datePublished\":\"2026-09-01T16:28:56+00:00\",\"dateModified\":\"2026-09-01T16:29:04+00:00\",\"breadcrumb\":{\"@id\":\"https:\\\/\\\/foodstory.es\\\/los-coffee-shop-de-la-rumana-5-to-go-se-daran-a-conocer-en-la-summit-26-de-madrid\\\/#breadcrumb\"},\"inLanguage\":\"ca\",\"potentialAction\":[{\"@type\":\"ReadAction\",\"target\":[\"https:\\\/\\\/foodstory.es\\\/los-coffee-shop-de-la-rumana-5-to-go-se-daran-a-conocer-en-la-summit-26-de-madrid\\\/\"]}]},{\"@type\":\"ImageObject\",\"inLanguage\":\"ca\",\"@id\":\"https:\\\/\\\/foodstory.es\\\/los-coffee-shop-de-la-rumana-5-to-go-se-daran-a-conocer-en-la-summit-26-de-madrid\\\/#primaryimage\",\"url\":\"https:\\\/\\\/foodstory.es\\\/wp-content\\\/uploads\\\/2026\\\/03\\\/efssummit_logo.jpeg\",\"contentUrl\":\"https:\\\/\\\/foodstory.es\\\/wp-content\\\/uploads\\\/2026\\\/03\\\/efssummit_logo.jpeg\",\"width\":100,\"height\":100},{\"@type\":\"BreadcrumbList\",\"@id\":\"https:\\\/\\\/foodstory.es\\\/los-coffee-shop-de-la-rumana-5-to-go-se-daran-a-conocer-en-la-summit-26-de-madrid\\\/#breadcrumb\",\"itemListElement\":[{\"@type\":\"ListItem\",\"position\":1,\"name\":\"Portada\",\"item\":\"https:\\\/\\\/foodstory.es\\\/\"},{\"@type\":\"ListItem\",\"position\":2,\"name\":\"Los coffee-shop de la rumana 5 to go se dar\u00e1n a conocer en la Summit 26 de Madrid\"}]},{\"@type\":\"WebSite\",\"@id\":\"https:\\\/\\\/foodstory.es\\\/#website\",\"url\":\"https:\\\/\\\/foodstory.es\\\/\",\"name\":\"Food Story\",\"description\":\"Visionando el futuro sin olvidar el pasado\",\"publisher\":{\"@id\":\"https:\\\/\\\/foodstory.es\\\/#organization\"},\"potentialAction\":[{\"@type\":\"SearchAction\",\"target\":{\"@type\":\"EntryPoint\",\"urlTemplate\":\"https:\\\/\\\/foodstory.es\\\/?s={search_term_string}\"},\"query-input\":{\"@type\":\"PropertyValueSpecification\",\"valueRequired\":true,\"valueName\":\"search_term_string\"}}],\"inLanguage\":\"ca\"},{\"@type\":\"Organization\",\"@id\":\"https:\\\/\\\/foodstory.es\\\/#organization\",\"name\":\"Food Story\",\"url\":\"https:\\\/\\\/foodstory.es\\\/\",\"logo\":{\"@type\":\"ImageObject\",\"inLanguage\":\"ca\",\"@id\":\"https:\\\/\\\/foodstory.es\\\/#\\\/schema\\\/logo\\\/image\\\/\",\"url\":\"https:\\\/\\\/foodstory.es\\\/wp-content\\\/uploads\\\/2024\\\/01\\\/LOGO-Food-Story.png\",\"contentUrl\":\"https:\\\/\\\/foodstory.es\\\/wp-content\\\/uploads\\\/2024\\\/01\\\/LOGO-Food-Story.png\",\"width\":800,\"height\":800,\"caption\":\"Food Story\"},\"image\":{\"@id\":\"https:\\\/\\\/foodstory.es\\\/#\\\/schema\\\/logo\\\/image\\\/\"}},{\"@type\":\"Person\",\"@id\":\"https:\\\/\\\/foodstory.es\\\/#\\\/schema\\\/person\\\/9f90bee5e60ba1bf8d3f286132644e1e\",\"name\":\"eloi\",\"sameAs\":[\"http:\\\/\\\/foodstory.es\"],\"url\":\"https:\\\/\\\/foodstory.es\\\/ca\\\/author\\\/eloi\\\/\"}]}<\/script>\n<!-- \/ Yoast SEO plugin. -->","yoast_head_json":{"title":"Los coffee-shop de la rumana 5 to go se dar\u00e1n a conocer en la Summit 26 de Madrid - Food Story","robots":{"index":"index","follow":"follow","max-snippet":"max-snippet:-1","max-image-preview":"max-image-preview:large","max-video-preview":"max-video-preview:-1"},"canonical":"https:\/\/foodstory.es\/ca\/los-coffee-shop-de-la-rumana-5-to-go-se-daran-a-conocer-en-la-summit-26-de-madrid\/","og_locale":"ca_ES","og_type":"article","og_title":"Los coffee-shop de la rumana 5 to go se dar\u00e1n a conocer en la Summit 26 de Madrid - Food Story","og_description":"Valor, presi\u00f3n, decisi\u00f3n: Radu Savopol, cofundador de la cadena rumana de cafeter\u00edas 5 to go, hablar\u00e1 en el escenario de la Summit 26 de Madrid &nbsp;sobre el crecimiento en un mercado altamente competitivo. Este directivo , narrar\u00e1 la historia detr\u00e1s de la...","og_url":"https:\/\/foodstory.es\/ca\/los-coffee-shop-de-la-rumana-5-to-go-se-daran-a-conocer-en-la-summit-26-de-madrid\/","og_site_name":"Food Story","article_published_time":"2026-09-01T16:28:56+00:00","article_modified_time":"2026-09-01T16:29:04+00:00","og_image":[{"width":100,"height":100,"url":"https:\/\/foodstory.es\/wp-content\/uploads\/2026\/03\/efssummit_logo.jpeg","type":"image\/jpeg"}],"author":"eloi","twitter_card":"summary_large_image","twitter_misc":{"Escrit per":"eloi","Temps estimat de lectura":"3 minuts"},"schema":{"@context":"https:\/\/schema.org","@graph":[{"@type":"Article","@id":"https:\/\/foodstory.es\/los-coffee-shop-de-la-rumana-5-to-go-se-daran-a-conocer-en-la-summit-26-de-madrid\/#article","isPartOf":{"@id":"https:\/\/foodstory.es\/los-coffee-shop-de-la-rumana-5-to-go-se-daran-a-conocer-en-la-summit-26-de-madrid\/"},"author":{"name":"eloi","@id":"https:\/\/foodstory.es\/#\/schema\/person\/9f90bee5e60ba1bf8d3f286132644e1e"},"headline":"Los coffee-shop de la rumana 5 to go se dar\u00e1n a conocer en la Summit 26 de Madrid","datePublished":"2026-09-01T16:28:56+00:00","dateModified":"2026-09-01T16:29:04+00:00","mainEntityOfPage":{"@id":"https:\/\/foodstory.es\/los-coffee-shop-de-la-rumana-5-to-go-se-daran-a-conocer-en-la-summit-26-de-madrid\/"},"wordCount":475,"publisher":{"@id":"https:\/\/foodstory.es\/#organization"},"image":{"@id":"https:\/\/foodstory.es\/los-coffee-shop-de-la-rumana-5-to-go-se-daran-a-conocer-en-la-summit-26-de-madrid\/#primaryimage"},"thumbnailUrl":"https:\/\/foodstory.es\/wp-content\/uploads\/2026\/03\/efssummit_logo.jpeg","articleSection":["ACTUALIDAD","EVENTOS"],"inLanguage":"ca"},{"@type":"WebPage","@id":"https:\/\/foodstory.es\/los-coffee-shop-de-la-rumana-5-to-go-se-daran-a-conocer-en-la-summit-26-de-madrid\/","url":"https:\/\/foodstory.es\/los-coffee-shop-de-la-rumana-5-to-go-se-daran-a-conocer-en-la-summit-26-de-madrid\/","name":"Los coffee-shop de la rumana 5 to go se dar\u00e1n a conocer en la Summit 26 de Madrid - Food Story","isPartOf":{"@id":"https:\/\/foodstory.es\/#website"},"primaryImageOfPage":{"@id":"https:\/\/foodstory.es\/los-coffee-shop-de-la-rumana-5-to-go-se-daran-a-conocer-en-la-summit-26-de-madrid\/#primaryimage"},"image":{"@id":"https:\/\/foodstory.es\/los-coffee-shop-de-la-rumana-5-to-go-se-daran-a-conocer-en-la-summit-26-de-madrid\/#primaryimage"},"thumbnailUrl":"https:\/\/foodstory.es\/wp-content\/uploads\/2026\/03\/efssummit_logo.jpeg","datePublished":"2026-09-01T16:28:56+00:00","dateModified":"2026-09-01T16:29:04+00:00","breadcrumb":{"@id":"https:\/\/foodstory.es\/los-coffee-shop-de-la-rumana-5-to-go-se-daran-a-conocer-en-la-summit-26-de-madrid\/#breadcrumb"},"inLanguage":"ca","potentialAction":[{"@type":"ReadAction","target":["https:\/\/foodstory.es\/los-coffee-shop-de-la-rumana-5-to-go-se-daran-a-conocer-en-la-summit-26-de-madrid\/"]}]},{"@type":"ImageObject","inLanguage":"ca","@id":"https:\/\/foodstory.es\/los-coffee-shop-de-la-rumana-5-to-go-se-daran-a-conocer-en-la-summit-26-de-madrid\/#primaryimage","url":"https:\/\/foodstory.es\/wp-content\/uploads\/2026\/03\/efssummit_logo.jpeg","contentUrl":"https:\/\/foodstory.es\/wp-content\/uploads\/2026\/03\/efssummit_logo.jpeg","width":100,"height":100},{"@type":"BreadcrumbList","@id":"https:\/\/foodstory.es\/los-coffee-shop-de-la-rumana-5-to-go-se-daran-a-conocer-en-la-summit-26-de-madrid\/#breadcrumb","itemListElement":[{"@type":"ListItem","position":1,"name":"Portada","item":"https:\/\/foodstory.es\/"},{"@type":"ListItem","position":2,"name":"Los coffee-shop de la rumana 5 to go se dar\u00e1n a conocer en la Summit 26 de Madrid"}]},{"@type":"WebSite","@id":"https:\/\/foodstory.es\/#website","url":"https:\/\/foodstory.es\/","name":"Food Story","description":"Visionant el futur sense oblidar el passat","publisher":{"@id":"https:\/\/foodstory.es\/#organization"},"potentialAction":[{"@type":"SearchAction","target":{"@type":"EntryPoint","urlTemplate":"https:\/\/foodstory.es\/?s={search_term_string}"},"query-input":{"@type":"PropertyValueSpecification","valueRequired":true,"valueName":"search_term_string"}}],"inLanguage":"ca"},{"@type":"Organization","@id":"https:\/\/foodstory.es\/#organization","name":"Food Story","url":"https:\/\/foodstory.es\/","logo":{"@type":"ImageObject","inLanguage":"ca","@id":"https:\/\/foodstory.es\/#\/schema\/logo\/image\/","url":"https:\/\/foodstory.es\/wp-content\/uploads\/2024\/01\/LOGO-Food-Story.png","contentUrl":"https:\/\/foodstory.es\/wp-content\/uploads\/2024\/01\/LOGO-Food-Story.png","width":800,"height":800,"caption":"Food Story"},"image":{"@id":"https:\/\/foodstory.es\/#\/schema\/logo\/image\/"}},{"@type":"Person","@id":"https:\/\/foodstory.es\/#\/schema\/person\/9f90bee5e60ba1bf8d3f286132644e1e","name":"eloi","sameAs":["http:\/\/foodstory.es"],"url":"https:\/\/foodstory.es\/ca\/author\/eloi\/"}]}},"taxonomy_info":{"category":[{"value":1,"label":"ACTUALIDAD"},{"value":12,"label":"EVENTOS"}]},"featured_image_src_large":["https:\/\/foodstory.es\/wp-content\/uploads\/2026\/03\/efssummit_logo.jpeg",100,100,false],"author_info":{"display_name":"eloi","author_link":"https:\/\/foodstory.es\/ca\/author\/eloi\/"},"comment_info":0,"category_info":[{"term_id":1,"name":"ACTUALIDAD","slug":"actualidad","term_group":0,"term_taxonomy_id":1,"taxonomy":"category","description":"","parent":0,"count":142,"filter":"raw","term_order":"0","cat_ID":1,"category_count":142,"category_description":"","cat_name":"ACTUALIDAD","category_nicename":"actualidad","category_parent":0},{"term_id":12,"name":"EVENTOS","slug":"eventos","term_group":0,"term_taxonomy_id":12,"taxonomy":"category","description":"","parent":0,"count":30,"filter":"raw","term_order":"0","cat_ID":12,"category_count":30,"category_description":"","cat_name":"EVENTOS","category_nicename":"eventos","category_parent":0}],"tag_info":false,"_links":{"self":[{"href":"https:\/\/foodstory.es\/ca\/wp-json\/wp\/v2\/posts\/3374","targetHints":{"allow":["GET"]}}],"collection":[{"href":"https:\/\/foodstory.es\/ca\/wp-json\/wp\/v2\/posts"}],"about":[{"href":"https:\/\/foodstory.es\/ca\/wp-json\/wp\/v2\/types\/post"}],"author":[{"embeddable":true,"href":"https:\/\/foodstory.es\/ca\/wp-json\/wp\/v2\/users\/1"}],"replies":[{"embeddable":true,"href":"https:\/\/foodstory.es\/ca\/wp-json\/wp\/v2\/comments?post=3374"}],"version-history":[{"count":1,"href":"https:\/\/foodstory.es\/ca\/wp-json\/wp\/v2\/posts\/3374\/revisions"}],"predecessor-version":[{"id":3375,"href":"https:\/\/foodstory.es\/ca\/wp-json\/wp\/v2\/posts\/3374\/revisions\/3375"}],"wp:featuredmedia":[{"embeddable":true,"href":"https:\/\/foodstory.es\/ca\/wp-json\/wp\/v2\/media\/3059"}],"wp:attachment":[{"href":"https:\/\/foodstory.es\/ca\/wp-json\/wp\/v2\/media?parent=3374"}],"wp:term":[{"taxonomy":"category","embeddable":true,"href":"https:\/\/foodstory.es\/ca\/wp-json\/wp\/v2\/categories?post=3374"},{"taxonomy":"post_tag","embeddable":true,"href":"https:\/\/foodstory.es\/ca\/wp-json\/wp\/v2\/tags?post=3374"}],"curies":[{"name":"wp","href":"https:\/\/api.w.org\/{rel}","templated":true}]}}