{"id":3073,"date":"2026-03-09T17:52:21","date_gmt":"2026-03-09T16:52:21","guid":{"rendered":"https:\/\/foodstory.es\/?p=3073"},"modified":"2026-03-09T17:53:54","modified_gmt":"2026-03-09T16:53:54","slug":"ifse-la-summit-de-alimentaria-sobre-restauracion-de-marca-a-nivel-internacional","status":"publish","type":"post","link":"https:\/\/foodstory.es\/ca\/ifse-la-summit-de-alimentaria-sobre-restauracion-de-marca-a-nivel-internacional\/","title":{"rendered":"IFSE, la Summit de ALIMENTARIA sobre Restauraci\u00f3n de Marca a nivel internacional"},"content":{"rendered":"<p>La edici\u00f3n de ALIMENTARIA 2026 guarda muchas sorpresas, adem\u00e1s de una serie de actos relacionados con la conmemoraci\u00f3n del 50 aniversario de su nacimiento en 1976.En lo que concierne a restauraci\u00f3n de marca, IFSE ser\u00e1 un evento internacional que colocar\u00e1 el list\u00f3n de las reuniones  de las empresas del sector a su m\u00e1s alto nivel; no s\u00f3lo por el n\u00ba de CEO que intervendr\u00e1n, sino por la presencia de asociaciones profesionales que son aut\u00e9nticos  lobbies en la defensa de los intereses de sus asociados a nivel de la UE o de pa\u00edses miembro como el caso de Italia, la intervenci\u00f3n de los gur\u00fas mas conocidos e incluso la presencia conjunta de las principales consultoras internacionales que se encargan de analizar las tendencias del foodservice.<\/p>\n\n\n\n<p>Son fechas para apuntarse en la apretada agenda de los 4 d\u00edas de ALIMENTARIA , dado que tal vez no se repita la presencia de empresarios y profesionales que suelen marcar el ritmo del sector ,  que traer\u00e1n nuevas recetas para  cocinar una situaci\u00f3n  pocas veces vivida por las ediciones de la feria, cual es la crisis pol\u00edtica y el conflicto b\u00e9lico en Oriente Medio.<\/p>\n\n\n\n<p>Hay que felicitar a la organizaci\u00f3n de ALIMENTARIA y a MARCAS DE RESTAURACION, que no cabe duda actuar\u00e1n de anfitriones de tantos y tantas celebrities ,reunidos en Barcelona y en el venue de Gran Via2 de Fira.<\/p>\n\n\n\n<p>Ver avance de programa en   <\/p>\n\n\n\n<p>https:\/\/foodstory.es\/wp-content\/uploads\/2026\/03\/IFSE-PROGRAM-EN.pdf<\/p>\n\n\n\n<p><br><\/p>\n\n\n\n<p><\/p>\n\n\n\n<p><\/p>","protected":false},"excerpt":{"rendered":"<p>La edici\u00f3n de ALIMENTARIA 2026 guarda muchas sorpresas, adem\u00e1s de una serie de actos relacionados con la conmemoraci\u00f3n del 50 aniversario de su nacimiento en 1976.En lo que concierne a restauraci\u00f3n de marca, IFSE ser\u00e1 un evento internacional que colocar\u00e1 el list\u00f3n&#8230;<\/p>","protected":false},"author":1,"featured_media":3075,"comment_status":"closed","ping_status":"closed","sticky":false,"template":"","format":"standard","meta":{"_kad_blocks_custom_css":"","_kad_blocks_head_custom_js":"","_kad_blocks_body_custom_js":"","_kad_blocks_footer_custom_js":"","_kadence_starter_templates_imported_post":false,"_kad_post_transparent":"","_kad_post_title":"","_kad_post_layout":"","_kad_post_sidebar_id":"","_kad_post_content_style":"","_kad_post_vertical_padding":"","_kad_post_feature":"","_kad_post_feature_position":"","_kad_post_header":false,"_kad_post_footer":false,"_kad_post_classname":"","footnotes":""},"categories":[1,12,7],"tags":[],"class_list":["post-3073","post","type-post","status-publish","format-standard","has-post-thumbnail","hentry","category-actualidad","category-eventos","category-restauracion-comercial"],"yoast_head":"<!-- This site is optimized with the Yoast SEO plugin v27.4 - https:\/\/yoast.com\/product\/yoast-seo-wordpress\/ -->\n<title>IFSE, la Summit de ALIMENTARIA sobre Restauraci\u00f3n de Marca a nivel internacional - Food Story<\/title>\n<meta name=\"robots\" content=\"index, follow, max-snippet:-1, max-image-preview:large, max-video-preview:-1\" \/>\n<link rel=\"canonical\" href=\"https:\/\/foodstory.es\/ca\/ifse-la-summit-de-alimentaria-sobre-restauracion-de-marca-a-nivel-internacional\/\" \/>\n<meta property=\"og:locale\" content=\"ca_ES\" \/>\n<meta property=\"og:type\" content=\"article\" \/>\n<meta property=\"og:title\" content=\"IFSE, la Summit de ALIMENTARIA sobre Restauraci\u00f3n de Marca a nivel internacional - Food Story\" \/>\n<meta property=\"og:description\" content=\"La edici\u00f3n de ALIMENTARIA 2026 guarda muchas sorpresas, adem\u00e1s de una serie de actos relacionados con la conmemoraci\u00f3n del 50 aniversario de su nacimiento en 1976.En lo que concierne a restauraci\u00f3n de marca, IFSE ser\u00e1 un evento internacional que colocar\u00e1 el list\u00f3n...\" \/>\n<meta property=\"og:url\" content=\"https:\/\/foodstory.es\/ca\/ifse-la-summit-de-alimentaria-sobre-restauracion-de-marca-a-nivel-internacional\/\" \/>\n<meta property=\"og:site_name\" content=\"Food Story\" \/>\n<meta property=\"article:published_time\" content=\"2026-03-09T16:52:21+00:00\" \/>\n<meta property=\"article:modified_time\" content=\"2026-03-09T16:53:54+00:00\" \/>\n<meta property=\"og:image\" content=\"https:\/\/foodstory.es\/wp-content\/uploads\/2026\/03\/ifse-qr.png\" \/>\n\t<meta property=\"og:image:width\" content=\"228\" \/>\n\t<meta property=\"og:image:height\" content=\"238\" \/>\n\t<meta property=\"og:image:type\" content=\"image\/png\" \/>\n<meta name=\"author\" content=\"eloi\" \/>\n<meta name=\"twitter:card\" content=\"summary_large_image\" \/>\n<meta name=\"twitter:label1\" content=\"Escrit per\" \/>\n\t<meta name=\"twitter:data1\" content=\"eloi\" \/>\n\t<meta name=\"twitter:label2\" content=\"Temps estimat de lectura\" \/>\n\t<meta name=\"twitter:data2\" content=\"2 minuts\" \/>\n<script type=\"application\/ld+json\" class=\"yoast-schema-graph\">{\"@context\":\"https:\\\/\\\/schema.org\",\"@graph\":[{\"@type\":\"Article\",\"@id\":\"https:\\\/\\\/foodstory.es\\\/ifse-la-summit-de-alimentaria-sobre-restauracion-de-marca-a-nivel-internacional\\\/#article\",\"isPartOf\":{\"@id\":\"https:\\\/\\\/foodstory.es\\\/ifse-la-summit-de-alimentaria-sobre-restauracion-de-marca-a-nivel-internacional\\\/\"},\"author\":{\"name\":\"eloi\",\"@id\":\"https:\\\/\\\/foodstory.es\\\/#\\\/schema\\\/person\\\/9f90bee5e60ba1bf8d3f286132644e1e\"},\"headline\":\"IFSE, la Summit de ALIMENTARIA sobre Restauraci\u00f3n de Marca a nivel internacional\",\"datePublished\":\"2026-03-09T16:52:21+00:00\",\"dateModified\":\"2026-03-09T16:53:54+00:00\",\"mainEntityOfPage\":{\"@id\":\"https:\\\/\\\/foodstory.es\\\/ifse-la-summit-de-alimentaria-sobre-restauracion-de-marca-a-nivel-internacional\\\/\"},\"wordCount\":265,\"publisher\":{\"@id\":\"https:\\\/\\\/foodstory.es\\\/#organization\"},\"image\":{\"@id\":\"https:\\\/\\\/foodstory.es\\\/ifse-la-summit-de-alimentaria-sobre-restauracion-de-marca-a-nivel-internacional\\\/#primaryimage\"},\"thumbnailUrl\":\"https:\\\/\\\/foodstory.es\\\/wp-content\\\/uploads\\\/2026\\\/03\\\/ifse-qr.png\",\"articleSection\":[\"ACTUALIDAD\",\"EVENTOS\",\"RESTAURACI\u00d3N COMERCIAL\"],\"inLanguage\":\"ca\"},{\"@type\":\"WebPage\",\"@id\":\"https:\\\/\\\/foodstory.es\\\/ifse-la-summit-de-alimentaria-sobre-restauracion-de-marca-a-nivel-internacional\\\/\",\"url\":\"https:\\\/\\\/foodstory.es\\\/ifse-la-summit-de-alimentaria-sobre-restauracion-de-marca-a-nivel-internacional\\\/\",\"name\":\"IFSE, la Summit de ALIMENTARIA sobre Restauraci\u00f3n de Marca a nivel internacional - Food Story\",\"isPartOf\":{\"@id\":\"https:\\\/\\\/foodstory.es\\\/#website\"},\"primaryImageOfPage\":{\"@id\":\"https:\\\/\\\/foodstory.es\\\/ifse-la-summit-de-alimentaria-sobre-restauracion-de-marca-a-nivel-internacional\\\/#primaryimage\"},\"image\":{\"@id\":\"https:\\\/\\\/foodstory.es\\\/ifse-la-summit-de-alimentaria-sobre-restauracion-de-marca-a-nivel-internacional\\\/#primaryimage\"},\"thumbnailUrl\":\"https:\\\/\\\/foodstory.es\\\/wp-content\\\/uploads\\\/2026\\\/03\\\/ifse-qr.png\",\"datePublished\":\"2026-03-09T16:52:21+00:00\",\"dateModified\":\"2026-03-09T16:53:54+00:00\",\"breadcrumb\":{\"@id\":\"https:\\\/\\\/foodstory.es\\\/ifse-la-summit-de-alimentaria-sobre-restauracion-de-marca-a-nivel-internacional\\\/#breadcrumb\"},\"inLanguage\":\"ca\",\"potentialAction\":[{\"@type\":\"ReadAction\",\"target\":[\"https:\\\/\\\/foodstory.es\\\/ifse-la-summit-de-alimentaria-sobre-restauracion-de-marca-a-nivel-internacional\\\/\"]}]},{\"@type\":\"ImageObject\",\"inLanguage\":\"ca\",\"@id\":\"https:\\\/\\\/foodstory.es\\\/ifse-la-summit-de-alimentaria-sobre-restauracion-de-marca-a-nivel-internacional\\\/#primaryimage\",\"url\":\"https:\\\/\\\/foodstory.es\\\/wp-content\\\/uploads\\\/2026\\\/03\\\/ifse-qr.png\",\"contentUrl\":\"https:\\\/\\\/foodstory.es\\\/wp-content\\\/uploads\\\/2026\\\/03\\\/ifse-qr.png\",\"width\":228,\"height\":238},{\"@type\":\"BreadcrumbList\",\"@id\":\"https:\\\/\\\/foodstory.es\\\/ifse-la-summit-de-alimentaria-sobre-restauracion-de-marca-a-nivel-internacional\\\/#breadcrumb\",\"itemListElement\":[{\"@type\":\"ListItem\",\"position\":1,\"name\":\"Portada\",\"item\":\"https:\\\/\\\/foodstory.es\\\/\"},{\"@type\":\"ListItem\",\"position\":2,\"name\":\"IFSE, la Summit de ALIMENTARIA sobre Restauraci\u00f3n de Marca a nivel internacional\"}]},{\"@type\":\"WebSite\",\"@id\":\"https:\\\/\\\/foodstory.es\\\/#website\",\"url\":\"https:\\\/\\\/foodstory.es\\\/\",\"name\":\"Food Story\",\"description\":\"Visionando el futuro sin olvidar el pasado\",\"publisher\":{\"@id\":\"https:\\\/\\\/foodstory.es\\\/#organization\"},\"potentialAction\":[{\"@type\":\"SearchAction\",\"target\":{\"@type\":\"EntryPoint\",\"urlTemplate\":\"https:\\\/\\\/foodstory.es\\\/?s={search_term_string}\"},\"query-input\":{\"@type\":\"PropertyValueSpecification\",\"valueRequired\":true,\"valueName\":\"search_term_string\"}}],\"inLanguage\":\"ca\"},{\"@type\":\"Organization\",\"@id\":\"https:\\\/\\\/foodstory.es\\\/#organization\",\"name\":\"Food Story\",\"url\":\"https:\\\/\\\/foodstory.es\\\/\",\"logo\":{\"@type\":\"ImageObject\",\"inLanguage\":\"ca\",\"@id\":\"https:\\\/\\\/foodstory.es\\\/#\\\/schema\\\/logo\\\/image\\\/\",\"url\":\"https:\\\/\\\/foodstory.es\\\/wp-content\\\/uploads\\\/2024\\\/01\\\/LOGO-Food-Story.png\",\"contentUrl\":\"https:\\\/\\\/foodstory.es\\\/wp-content\\\/uploads\\\/2024\\\/01\\\/LOGO-Food-Story.png\",\"width\":800,\"height\":800,\"caption\":\"Food Story\"},\"image\":{\"@id\":\"https:\\\/\\\/foodstory.es\\\/#\\\/schema\\\/logo\\\/image\\\/\"}},{\"@type\":\"Person\",\"@id\":\"https:\\\/\\\/foodstory.es\\\/#\\\/schema\\\/person\\\/9f90bee5e60ba1bf8d3f286132644e1e\",\"name\":\"eloi\",\"sameAs\":[\"http:\\\/\\\/foodstory.es\"],\"url\":\"https:\\\/\\\/foodstory.es\\\/ca\\\/author\\\/eloi\\\/\"}]}<\/script>\n<!-- \/ Yoast SEO plugin. -->","yoast_head_json":{"title":"IFSE, la Summit de ALIMENTARIA sobre Restauraci\u00f3n de Marca a nivel internacional - Food Story","robots":{"index":"index","follow":"follow","max-snippet":"max-snippet:-1","max-image-preview":"max-image-preview:large","max-video-preview":"max-video-preview:-1"},"canonical":"https:\/\/foodstory.es\/ca\/ifse-la-summit-de-alimentaria-sobre-restauracion-de-marca-a-nivel-internacional\/","og_locale":"ca_ES","og_type":"article","og_title":"IFSE, la Summit de ALIMENTARIA sobre Restauraci\u00f3n de Marca a nivel internacional - Food Story","og_description":"La edici\u00f3n de ALIMENTARIA 2026 guarda muchas sorpresas, adem\u00e1s de una serie de actos relacionados con la conmemoraci\u00f3n del 50 aniversario de su nacimiento en 1976.En lo que concierne a restauraci\u00f3n de marca, IFSE ser\u00e1 un evento internacional que colocar\u00e1 el list\u00f3n...","og_url":"https:\/\/foodstory.es\/ca\/ifse-la-summit-de-alimentaria-sobre-restauracion-de-marca-a-nivel-internacional\/","og_site_name":"Food Story","article_published_time":"2026-03-09T16:52:21+00:00","article_modified_time":"2026-03-09T16:53:54+00:00","og_image":[{"width":228,"height":238,"url":"https:\/\/foodstory.es\/wp-content\/uploads\/2026\/03\/ifse-qr.png","type":"image\/png"}],"author":"eloi","twitter_card":"summary_large_image","twitter_misc":{"Escrit per":"eloi","Temps estimat de lectura":"2 minuts"},"schema":{"@context":"https:\/\/schema.org","@graph":[{"@type":"Article","@id":"https:\/\/foodstory.es\/ifse-la-summit-de-alimentaria-sobre-restauracion-de-marca-a-nivel-internacional\/#article","isPartOf":{"@id":"https:\/\/foodstory.es\/ifse-la-summit-de-alimentaria-sobre-restauracion-de-marca-a-nivel-internacional\/"},"author":{"name":"eloi","@id":"https:\/\/foodstory.es\/#\/schema\/person\/9f90bee5e60ba1bf8d3f286132644e1e"},"headline":"IFSE, la Summit de ALIMENTARIA sobre Restauraci\u00f3n de Marca a nivel internacional","datePublished":"2026-03-09T16:52:21+00:00","dateModified":"2026-03-09T16:53:54+00:00","mainEntityOfPage":{"@id":"https:\/\/foodstory.es\/ifse-la-summit-de-alimentaria-sobre-restauracion-de-marca-a-nivel-internacional\/"},"wordCount":265,"publisher":{"@id":"https:\/\/foodstory.es\/#organization"},"image":{"@id":"https:\/\/foodstory.es\/ifse-la-summit-de-alimentaria-sobre-restauracion-de-marca-a-nivel-internacional\/#primaryimage"},"thumbnailUrl":"https:\/\/foodstory.es\/wp-content\/uploads\/2026\/03\/ifse-qr.png","articleSection":["ACTUALIDAD","EVENTOS","RESTAURACI\u00d3N COMERCIAL"],"inLanguage":"ca"},{"@type":"WebPage","@id":"https:\/\/foodstory.es\/ifse-la-summit-de-alimentaria-sobre-restauracion-de-marca-a-nivel-internacional\/","url":"https:\/\/foodstory.es\/ifse-la-summit-de-alimentaria-sobre-restauracion-de-marca-a-nivel-internacional\/","name":"IFSE, la Summit de ALIMENTARIA sobre Restauraci\u00f3n de Marca a nivel internacional - Food Story","isPartOf":{"@id":"https:\/\/foodstory.es\/#website"},"primaryImageOfPage":{"@id":"https:\/\/foodstory.es\/ifse-la-summit-de-alimentaria-sobre-restauracion-de-marca-a-nivel-internacional\/#primaryimage"},"image":{"@id":"https:\/\/foodstory.es\/ifse-la-summit-de-alimentaria-sobre-restauracion-de-marca-a-nivel-internacional\/#primaryimage"},"thumbnailUrl":"https:\/\/foodstory.es\/wp-content\/uploads\/2026\/03\/ifse-qr.png","datePublished":"2026-03-09T16:52:21+00:00","dateModified":"2026-03-09T16:53:54+00:00","breadcrumb":{"@id":"https:\/\/foodstory.es\/ifse-la-summit-de-alimentaria-sobre-restauracion-de-marca-a-nivel-internacional\/#breadcrumb"},"inLanguage":"ca","potentialAction":[{"@type":"ReadAction","target":["https:\/\/foodstory.es\/ifse-la-summit-de-alimentaria-sobre-restauracion-de-marca-a-nivel-internacional\/"]}]},{"@type":"ImageObject","inLanguage":"ca","@id":"https:\/\/foodstory.es\/ifse-la-summit-de-alimentaria-sobre-restauracion-de-marca-a-nivel-internacional\/#primaryimage","url":"https:\/\/foodstory.es\/wp-content\/uploads\/2026\/03\/ifse-qr.png","contentUrl":"https:\/\/foodstory.es\/wp-content\/uploads\/2026\/03\/ifse-qr.png","width":228,"height":238},{"@type":"BreadcrumbList","@id":"https:\/\/foodstory.es\/ifse-la-summit-de-alimentaria-sobre-restauracion-de-marca-a-nivel-internacional\/#breadcrumb","itemListElement":[{"@type":"ListItem","position":1,"name":"Portada","item":"https:\/\/foodstory.es\/"},{"@type":"ListItem","position":2,"name":"IFSE, la Summit de ALIMENTARIA sobre Restauraci\u00f3n de Marca a nivel internacional"}]},{"@type":"WebSite","@id":"https:\/\/foodstory.es\/#website","url":"https:\/\/foodstory.es\/","name":"Food Story","description":"Visionant el futur sense oblidar el passat","publisher":{"@id":"https:\/\/foodstory.es\/#organization"},"potentialAction":[{"@type":"SearchAction","target":{"@type":"EntryPoint","urlTemplate":"https:\/\/foodstory.es\/?s={search_term_string}"},"query-input":{"@type":"PropertyValueSpecification","valueRequired":true,"valueName":"search_term_string"}}],"inLanguage":"ca"},{"@type":"Organization","@id":"https:\/\/foodstory.es\/#organization","name":"Food Story","url":"https:\/\/foodstory.es\/","logo":{"@type":"ImageObject","inLanguage":"ca","@id":"https:\/\/foodstory.es\/#\/schema\/logo\/image\/","url":"https:\/\/foodstory.es\/wp-content\/uploads\/2024\/01\/LOGO-Food-Story.png","contentUrl":"https:\/\/foodstory.es\/wp-content\/uploads\/2024\/01\/LOGO-Food-Story.png","width":800,"height":800,"caption":"Food Story"},"image":{"@id":"https:\/\/foodstory.es\/#\/schema\/logo\/image\/"}},{"@type":"Person","@id":"https:\/\/foodstory.es\/#\/schema\/person\/9f90bee5e60ba1bf8d3f286132644e1e","name":"eloi","sameAs":["http:\/\/foodstory.es"],"url":"https:\/\/foodstory.es\/ca\/author\/eloi\/"}]}},"taxonomy_info":{"category":[{"value":1,"label":"ACTUALIDAD"},{"value":12,"label":"EVENTOS"},{"value":7,"label":"RESTAURACI\u00d3N COMERCIAL"}]},"featured_image_src_large":["https:\/\/foodstory.es\/wp-content\/uploads\/2026\/03\/ifse-qr.png",228,238,false],"author_info":{"display_name":"eloi","author_link":"https:\/\/foodstory.es\/ca\/author\/eloi\/"},"comment_info":0,"category_info":[{"term_id":1,"name":"ACTUALIDAD","slug":"actualidad","term_group":0,"term_taxonomy_id":1,"taxonomy":"category","description":"","parent":0,"count":122,"filter":"raw","term_order":"0","cat_ID":1,"category_count":122,"category_description":"","cat_name":"ACTUALIDAD","category_nicename":"actualidad","category_parent":0},{"term_id":12,"name":"EVENTOS","slug":"eventos","term_group":0,"term_taxonomy_id":12,"taxonomy":"category","description":"","parent":0,"count":27,"filter":"raw","term_order":"0","cat_ID":12,"category_count":27,"category_description":"","cat_name":"EVENTOS","category_nicename":"eventos","category_parent":0},{"term_id":7,"name":"RESTAURACI\u00d3N COMERCIAL","slug":"restauracion-comercial","term_group":0,"term_taxonomy_id":7,"taxonomy":"category","description":"","parent":0,"count":121,"filter":"raw","term_order":"0","cat_ID":7,"category_count":121,"category_description":"","cat_name":"RESTAURACI\u00d3N COMERCIAL","category_nicename":"restauracion-comercial","category_parent":0}],"tag_info":false,"_links":{"self":[{"href":"https:\/\/foodstory.es\/ca\/wp-json\/wp\/v2\/posts\/3073","targetHints":{"allow":["GET"]}}],"collection":[{"href":"https:\/\/foodstory.es\/ca\/wp-json\/wp\/v2\/posts"}],"about":[{"href":"https:\/\/foodstory.es\/ca\/wp-json\/wp\/v2\/types\/post"}],"author":[{"embeddable":true,"href":"https:\/\/foodstory.es\/ca\/wp-json\/wp\/v2\/users\/1"}],"replies":[{"embeddable":true,"href":"https:\/\/foodstory.es\/ca\/wp-json\/wp\/v2\/comments?post=3073"}],"version-history":[{"count":3,"href":"https:\/\/foodstory.es\/ca\/wp-json\/wp\/v2\/posts\/3073\/revisions"}],"predecessor-version":[{"id":3078,"href":"https:\/\/foodstory.es\/ca\/wp-json\/wp\/v2\/posts\/3073\/revisions\/3078"}],"wp:featuredmedia":[{"embeddable":true,"href":"https:\/\/foodstory.es\/ca\/wp-json\/wp\/v2\/media\/3075"}],"wp:attachment":[{"href":"https:\/\/foodstory.es\/ca\/wp-json\/wp\/v2\/media?parent=3073"}],"wp:term":[{"taxonomy":"category","embeddable":true,"href":"https:\/\/foodstory.es\/ca\/wp-json\/wp\/v2\/categories?post=3073"},{"taxonomy":"post_tag","embeddable":true,"href":"https:\/\/foodstory.es\/ca\/wp-json\/wp\/v2\/tags?post=3073"}],"curies":[{"name":"wp","href":"https:\/\/api.w.org\/{rel}","templated":true}]}}